{"id":573165,"date":"2019-11-13T00:00:00","date_gmt":"2019-11-13T00:00:00","guid":{"rendered":"https:\/\/www.beirut.com\/573165\/le-liban-pleure-le-martyr-de-la-revolution-alaa-abou-fakher"},"modified":"2023-08-31T06:02:18","modified_gmt":"2023-08-31T06:02:18","slug":"le-liban-pleure-le-martyr-de-la-revolution-alaa-abou-fakher","status":"publish","type":"post","link":"https:\/\/www.beirut.com\/fr\/573165\/le-liban-pleure-le-martyr-de-la-revolution-alaa-abou-fakher\/","title":{"rendered":"Le Liban pleure le Martyr de la r\u00e9volution, Alaa Abou Fakher"},"content":{"rendered":"<p dir=\"ltr\">Hier, 27\u00e8me jour de la r\u00e9volution, l\u2019interview t\u00e9l\u00e9vis\u00e9e du Pr\u00e9sident Michel Aoun ravive les manifestations dans tout le pays. Les \u00e9v\u00e9nements prennent une tournure plus dramatique encore lorsque dans cette nuit d\u00e9j\u00e0 embras\u00e9e, les cris d\u00e9chirants d\u2019une femme nous parviennent. L\u2019heure est grave, la r\u00e9volution pleure son deuxi\u00e8me martyr: Alaa Abou Fakher.<\/p><p><br><\/p><p>  <blockquote class=\"twitter-tweet\"><p lang=\"en\" dir=\"ltr\">Roads blocked with burning tires in response to Aoun\u2019s interview. <br><br>cc: <a href=\"https:\/\/twitter.com\/Joe_Kazzi?ref_src=twsrc%5Etfw\">@Joe_Kazzi<\/a> <a href=\"https:\/\/t.co\/mT55q74NiR\">pic.twitter.com\/mT55q74NiR<\/a><\/p>\u2014 Beirut.com (@BeirutCityGuide) <a href=\"https:\/\/twitter.com\/BeirutCityGuide\/status\/1194346267306053642?ref_src=twsrc%5Etfw\">November 12, 2019<\/a><\/blockquote> <script async src=\"https:\/\/platform.twitter.com\/widgets.js\" charset=\"utf-8\"><\/script>  <\/p><p><br><\/p><p dir=\"ltr\">Un p\u00e8re de famille Libanais de trois enfants a \u00e9t\u00e9 abattu devant son \u00e9pouse et son fils \u00e0 Khald\u00e9 alors qu&#8217;il essayait de bloquer les routes. Transport\u00e9 dans un \u00e9tat critique \u00e0 l&#8217;h\u00f4pital Kamal Joumblatt, il d\u00e9c\u00e8de peu de temps apr\u00e8s, succombant \u00e0 ses blessures.<\/p><p dir=\"ltr\"><br><\/p><p dir=\"ltr\">  <blockquote class=\"twitter-tweet\"><p lang=\"en\" dir=\"ltr\">Rest in power, Alaa.<a href=\"https:\/\/twitter.com\/hashtag\/%D8%B9%D9%84%D8%A7%D8%A1_%D8%A7%D8%A8%D9%88_%D9%81%D8%AE%D8%B1?src=hash&#038;ref_src=twsrc%5Etfw\">#\u0639\u0644\u0627\u0621_\u0627\u0628\u0648_\u0641\u062e\u0631<\/a> <a href=\"https:\/\/t.co\/b8oy9vpscN\">pic.twitter.com\/b8oy9vpscN<\/a><\/p>\u2014 Cool Beans (@jo_maybe) <a href=\"https:\/\/twitter.com\/jo_maybe\/status\/1194387595612086272?ref_src=twsrc%5Etfw\">November 12, 2019<\/a><\/blockquote> <script async src=\"https:\/\/platform.twitter.com\/widgets.js\" charset=\"utf-8\"><\/script>  <\/p><p><br><\/p><p dir=\"ltr\">Bien que le tireur se soit rendu plus tard, la vid\u00e9o originale le montrait fuyant la sc\u00e8ne.<\/p><p dir=\"ltr\"><br><\/p><p>  <blockquote class=\"twitter-tweet\"><p lang=\"ar\" dir=\"rtl\"><a href=\"https:\/\/twitter.com\/hashtag\/%D8%B9%D9%84%D8%A7%D8%A1_%D8%A7%D8%A8%D9%88_%D9%81%D8%AE%D8%B1?src=hash&#038;ref_src=twsrc%5Etfw\">#\u0639\u0644\u0627\u0621_\u0627\u0628\u0648_\u0641\u062e\u0631<\/a> <a href=\"https:\/\/twitter.com\/hashtag\/%D9%84%D8%A8%D9%86%D8%A7%D9%86_%D9%8A%D9%86%D8%AA%D9%81%D8%B6?src=hash&#038;ref_src=twsrc%5Etfw\">#\u0644\u0628\u0646\u0627\u0646_\u064a\u0646\u062a\u0641\u0636<\/a> <a href=\"https:\/\/t.co\/WaTxuEC53Q\">pic.twitter.com\/WaTxuEC53Q<\/a><\/p>\u2014 Mh\u0651md (@dankar) <a href=\"https:\/\/twitter.com\/dankar\/status\/1194511939231195136?ref_src=twsrc%5Etfw\">November 13, 2019<\/a><\/blockquote> <script async src=\"https:\/\/platform.twitter.com\/widgets.js\" charset=\"utf-8\"><\/script>  <\/p><p dir=\"ltr\"><br><\/p><p dir=\"ltr\">Aucun d\u2019entre nous n\u2019oubliera les cris agonisants de cette famille qui a vu l\u2019un des leurs partir sous leurs yeux. Les citoyens rendent hommage \u00e0 la victime en d\u00e9posant fleurs et bougies sur le lieu de l\u2019assassinat.<\/p><p dir=\"ltr\">Dans les rues, les manifestants crient leur col\u00e8re et r\u00e9p\u00e8tent le nom de cet homme devenu h\u00e9ro de la r\u00e9volution.<\/p><p dir=\"ltr\"><br><\/p><p>  <blockquote class=\"twitter-tweet\"><p lang=\"en\" dir=\"ltr\">And a tribute to Alaa Abou Fakher from <a href=\"https:\/\/twitter.com\/hashtag\/Saida?src=hash&#038;ref_src=twsrc%5Etfw\">#Saida<\/a> and <a href=\"https:\/\/twitter.com\/hashtag\/Ring?src=hash&#038;ref_src=twsrc%5Etfw\">#Ring<\/a> protesters <a href=\"https:\/\/twitter.com\/hashtag\/%D8%B9%D9%84%D8%A7%D8%A1_%D8%A7%D8%A8%D9%88_%D9%81%D8%AE%D8%B1?src=hash&#038;ref_src=twsrc%5Etfw\">#\u0639\u0644\u0627\u0621_\u0627\u0628\u0648_\u0641\u062e\u0631<\/a> <a href=\"https:\/\/twitter.com\/hashtag\/%D8%A7%D9%84%D8%B1%D9%8A%D9%86%D8%BA?src=hash&#038;ref_src=twsrc%5Etfw\">#\u0627\u0644\u0631\u064a\u0646\u063a<\/a> <a href=\"https:\/\/twitter.com\/hashtag\/%D9%84%D8%A8%D9%86%D8%A7%D9%86_%D9%8A%D9%86%D8%AA%D9%81%D8%B6?src=hash&#038;ref_src=twsrc%5Etfw\">#\u0644\u0628\u0646\u0627\u0646_\u064a\u0646\u062a\u0641\u0636<\/a> <a href=\"https:\/\/twitter.com\/hashtag\/%D9%85%D9%8A%D8%B4%D8%A7%D9%84_%D8%B9%D9%88%D9%86?src=hash&#038;ref_src=twsrc%5Etfw\">#\u0645\u064a\u0634\u0627\u0644_\u0639\u0648\u0646<\/a> <a href=\"https:\/\/t.co\/EYavNPcmEx\">pic.twitter.com\/EYavNPcmEx<\/a><\/p>\u2014 Lebanese Bonkers (@BonkersLebanese) <a href=\"https:\/\/twitter.com\/BonkersLebanese\/status\/1194403993587503105?ref_src=twsrc%5Etfw\">November 12, 2019<\/a><\/blockquote> <script async src=\"https:\/\/platform.twitter.com\/widgets.js\" charset=\"utf-8\"><\/script>  <\/p><p><br><\/p><p><br><\/p><p>  <blockquote class=\"twitter-tweet\"><p lang=\"en\" dir=\"ltr\">Beirut last night: A protester reads Alaa Abou Fakher&#8217;s last words in which he declares <a href=\"https:\/\/twitter.com\/hashtag\/LebanonProtests?src=hash&#038;ref_src=twsrc%5Etfw\">#LebanonProtests<\/a> &#8220;a revolutionary cry for freedom &#038; liberation from servitude, a revolution agst all forms of patriarchy&#8221; &#038; announce him martyr of the revolution.<a href=\"https:\/\/twitter.com\/hashtag\/%D8%A7%D9%84%D8%AB%D9%88%D8%B1%D8%A9_%D9%85%D8%B3%D8%AA%D9%85%D8%B1%D8%A9?src=hash&#038;ref_src=twsrc%5Etfw\">#\u0627\u0644\u062b\u0648\u0631\u0629_\u0645\u0633\u062a\u0645\u0631\u0629<\/a><br> <a href=\"https:\/\/twitter.com\/hashtag\/%D8%B9%D9%84%D8%A7%D8%A1_%D8%A7%D8%A8%D9%88_%D9%81%D8%AE%D8%B1?src=hash&#038;ref_src=twsrc%5Etfw\">#\u0639\u0644\u0627\u0621_\u0627\u0628\u0648_\u0641\u062e\u0631<\/a> <a href=\"https:\/\/t.co\/OZ75FdDJwn\">pic.twitter.com\/OZ75FdDJwn<\/a><\/p>\u2014 Lara Bitar (@LaraJBitar) <a href=\"https:\/\/twitter.com\/LaraJBitar\/status\/1194543110010871808?ref_src=twsrc%5Etfw\">November 13, 2019<\/a><\/blockquote> <script async src=\"https:\/\/platform.twitter.com\/widgets.js\" charset=\"utf-8\"><\/script>  <\/p><p><br><\/p><p><br><\/p><p>  <blockquote class=\"twitter-tweet\"><p lang=\"en\" dir=\"ltr\">Today, our revolution lost a strong fighter;<br>In a heartbreaking scene, Alaa Abo Fakher was murdered just beside his family, his wife rushed to cover her son&#8217;s eyes to not let him see his father covered with blood.<br>May Alaa&#8217;s soul rest in peace.<a href=\"https:\/\/twitter.com\/hashtag\/Lebanon?src=hash&#038;ref_src=twsrc%5Etfw\">#Lebanon<\/a><a href=\"https:\/\/twitter.com\/hashtag\/%D9%84%D8%A8%D9%86%D8%A7%D9%86_%D9%8A%D9%86%D8%AA%D9%81%D8%B6?src=hash&#038;ref_src=twsrc%5Etfw\">#\u0644\u0628\u0646\u0627\u0646_\u064a\u0646\u062a\u0641\u0636<\/a> <a href=\"https:\/\/twitter.com\/hashtag\/%D8%B9%D9%84%D8%A7%D8%A1_%D8%A7%D8%A8%D9%88_%D9%81%D8%AE%D8%B1?src=hash&#038;ref_src=twsrc%5Etfw\">#\u0639\u0644\u0627\u0621_\u0627\u0628\u0648_\u0641\u062e\u0631<\/a> <a href=\"https:\/\/t.co\/yjrtPSgnbs\">pic.twitter.com\/yjrtPSgnbs<\/a><\/p>\u2014 \u0645\u0634 \u062c\u064e\u0640\u0646\u0649 | Jana (@JanayAlbaba1) <a href=\"https:\/\/twitter.com\/JanayAlbaba1\/status\/1194413581342781441?ref_src=twsrc%5Etfw\">November 13, 2019<\/a><\/blockquote> <script async src=\"https:\/\/platform.twitter.com\/widgets.js\" charset=\"utf-8\"><\/script>  <\/p><p><br><\/p><p><br><\/p><p>  <blockquote class=\"twitter-tweet\"><p lang=\"en\" dir=\"ltr\">My heart goes out for his family&#8230;<br>Let\u2019s not let his efforts go in vain <br>May his soul rest in peace \u2764\ufe0f <a href=\"https:\/\/twitter.com\/hashtag\/%D9%84%D8%A8%D9%86%D8%A7%D9%86_%D9%8A%D9%86%D8%AA%D9%81%D8%B6?src=hash&#038;ref_src=twsrc%5Etfw\">#\u0644\u0628\u0646\u0627\u0646_\u064a\u0646\u062a\u0641\u0636<\/a> <a href=\"https:\/\/twitter.com\/hashtag\/%D8%B9%D9%84%D8%A7%D8%A1_%D8%A7%D8%A8%D9%88_%D9%81%D8%AE%D8%B1?src=hash&#038;ref_src=twsrc%5Etfw\">#\u0639\u0644\u0627\u0621_\u0627\u0628\u0648_\u0641\u062e\u0631<\/a> <a href=\"https:\/\/twitter.com\/hashtag\/%D8%A7%D8%AC%D8%A7_%D9%88%D9%82%D8%AA_%D9%86%D8%AD%D8%A7%D8%B3%D9%8E%D8%A8?src=hash&#038;ref_src=twsrc%5Etfw\">#\u0627\u062c\u0627_\u0648\u0642\u062a_\u0646\u062d\u0627\u0633\u064e\u0628<\/a> <a href=\"https:\/\/t.co\/ZV4Mo2f3YC\">pic.twitter.com\/ZV4Mo2f3YC<\/a><\/p>\u2014 Kris\u2640\ufe0f (@krystelghantous) <a href=\"https:\/\/twitter.com\/krystelghantous\/status\/1194483025909833729?ref_src=twsrc%5Etfw\">November 13, 2019<\/a><\/blockquote> <script async src=\"https:\/\/platform.twitter.com\/widgets.js\" charset=\"utf-8\"><\/script>  <\/p><p><br><\/p><p>  <blockquote class=\"twitter-tweet\"><p lang=\"ar\" dir=\"rtl\"> <a href=\"https:\/\/twitter.com\/hashtag\/%D8%B9%D9%84%D8%A7%D8%A1_%D8%A7%D8%A8%D9%88_%D9%81%D8%AE%D8%B1?src=hash&#038;ref_src=twsrc%5Etfw\"><\/a><br><br><br>\u060c<br><br><br>\u060c<br> <a href=\"https:\/\/t.co\/0ZGvXYvrbZ\">pic.twitter.com\/0ZGvXYvrbZ<\/a><\/p>\u2014 \ufbbc\u0631\u0627\u0648\u064a \u062d\u062f\u0627\u062f | \ud835\udde5\ud835\uddee\ud835\ude04\ud835\uddf6 \ud835\udddb\ud835\uddee\ud835\uddf1\ud835\uddf1\ud835\uddee\ud835\uddf1 (@RawiHaddad) <a href=\"https:\/\/twitter.com\/RawiHaddad\/status\/1194542005734559744?ref_src=twsrc%5Etfw\">November 13, 2019<\/a><\/blockquote> <script async src=\"https:\/\/platform.twitter.com\/widgets.js\" charset=\"utf-8\"><\/script>  <\/p><p><br><\/p><p dir=\"ltr\"> Les r\u00e9seaux sociaux sont aussi remplis de messages, de photos qui honorent Abou Fakher et sa famille. Nos plus sinc\u00e8res condol\u00e9ances vont \u00e0 la famille de Alaa et \u00e0 ses proches. Que son \u00e2me repose en paix.<\/p>","protected":false},"excerpt":{"rendered":"<p>Hier, 27\u00e8me jour de la r\u00e9volution, l\u2019interview t\u00e9l\u00e9vis\u00e9e du Pr\u00e9sident Michel Aoun ravive les manifestations dans tout le pays. Les \u00e9v\u00e9nements prennent une tournure plus dramatique encore lorsque dans cette nuit d\u00e9j\u00e0 embras\u00e9e, les cris d\u00e9chirants d\u2019une femme nous parviennent. L\u2019heure est grave, la r\u00e9volution pleure son deuxi\u00e8me martyr: Alaa Abou Fakher. Roads blocked with [&hellip;]<\/p>\n","protected":false},"author":0,"featured_media":573166,"comment_status":"closed","ping_status":"closed","sticky":false,"template":"","format":"standard","meta":{"_preview_accessed":0,"footnotes":""},"tags":[],"media-embed-type":[],"class_list":["post-573165","post","type-post","status-publish","format-standard","has-post-thumbnail","hentry","category-le-blog"],"authorship":[180],"yoast_head":"<!-- This site is optimized with the Yoast SEO Premium plugin v27.3 (Yoast SEO v27.3) - https:\/\/yoast.com\/product\/yoast-seo-premium-wordpress\/ -->\n<title>Le Liban pleure le Martyr de la r\u00e9volution, Alaa Abou Fakher &#187; Beirut.com<\/title>\n<meta name=\"robots\" content=\"index, follow, max-snippet:-1, max-image-preview:large, max-video-preview:-1\" \/>\n<link rel=\"canonical\" href=\"https:\/\/www.beirut.com\/fr\/573165\/le-liban-pleure-le-martyr-de-la-revolution-alaa-abou-fakher\/\" \/>\n<meta property=\"og:locale\" content=\"fr_FR\" \/>\n<meta property=\"og:type\" content=\"article\" \/>\n<meta property=\"og:title\" content=\"Le Liban pleure le Martyr de la r\u00e9volution, Alaa Abou Fakher\" \/>\n<meta property=\"og:description\" content=\"Hier, 27\u00e8me jour de la r\u00e9volution, l\u2019interview t\u00e9l\u00e9vis\u00e9e du Pr\u00e9sident Michel Aoun ravive les manifestations dans tout le pays. Les \u00e9v\u00e9nements prennent une tournure plus dramatique encore lorsque dans cette nuit d\u00e9j\u00e0 embras\u00e9e, les cris d\u00e9chirants d\u2019une femme nous parviennent. L\u2019heure est grave, la r\u00e9volution pleure son deuxi\u00e8me martyr: Alaa Abou Fakher. Roads blocked with [&hellip;]\" \/>\n<meta property=\"og:url\" content=\"https:\/\/www.beirut.com\/fr\/573165\/le-liban-pleure-le-martyr-de-la-revolution-alaa-abou-fakher\/\" \/>\n<meta property=\"og:site_name\" content=\"Beirut.com\" \/>\n<meta property=\"article:publisher\" content=\"https:\/\/www.facebook.com\/beirutcityguide\" \/>\n<meta property=\"article:published_time\" content=\"2019-11-13T00:00:00+00:00\" \/>\n<meta property=\"article:modified_time\" content=\"2023-08-31T06:02:18+00:00\" \/>\n<meta property=\"og:image\" content=\"https:\/\/www.beirut.com\/wp-content\/uploads\/2023\/04\/a302.png\" \/>\n\t<meta property=\"og:image:width\" content=\"673\" \/>\n\t<meta property=\"og:image:height\" content=\"415\" \/>\n\t<meta property=\"og:image:type\" content=\"image\/png\" \/>\n<meta name=\"twitter:card\" content=\"summary_large_image\" \/>\n<meta name=\"twitter:creator\" content=\"@beirutcityguide\" \/>\n<meta name=\"twitter:site\" content=\"@beirutcityguide\" \/>\n<meta name=\"twitter:label1\" content=\"Dur\u00e9e de lecture estim\u00e9e\" \/>\n\t<meta name=\"twitter:data1\" content=\"2 minutes\" \/>\n<script type=\"application\/ld+json\" class=\"yoast-schema-graph\">{\"@context\":\"https:\\\/\\\/schema.org\",\"@graph\":[{\"@type\":\"Article\",\"@id\":\"https:\\\/\\\/www.beirut.com\\\/fr\\\/573165\\\/le-liban-pleure-le-martyr-de-la-revolution-alaa-abou-fakher\\\/#article\",\"isPartOf\":{\"@id\":\"https:\\\/\\\/www.beirut.com\\\/fr\\\/573165\\\/le-liban-pleure-le-martyr-de-la-revolution-alaa-abou-fakher\\\/\"},\"author\":{\"name\":\"\",\"@id\":\"\"},\"headline\":\"Le Liban pleure le Martyr de la r\u00e9volution, Alaa Abou Fakher\",\"datePublished\":\"2019-11-13T00:00:00+00:00\",\"dateModified\":\"2023-08-31T06:02:18+00:00\",\"mainEntityOfPage\":{\"@id\":\"https:\\\/\\\/www.beirut.com\\\/fr\\\/573165\\\/le-liban-pleure-le-martyr-de-la-revolution-alaa-abou-fakher\\\/\"},\"wordCount\":458,\"publisher\":{\"@id\":\"https:\\\/\\\/www.beirut.com\\\/ar\\\/#organization\"},\"image\":{\"@id\":\"https:\\\/\\\/www.beirut.com\\\/fr\\\/573165\\\/le-liban-pleure-le-martyr-de-la-revolution-alaa-abou-fakher\\\/#primaryimage\"},\"thumbnailUrl\":\"https:\\\/\\\/www.beirut.com\\\/wp-content\\\/uploads\\\/2023\\\/04\\\/a302.png\",\"articleSection\":[\"Blog\"],\"inLanguage\":\"fr-FR\"},{\"@type\":\"WebPage\",\"@id\":\"https:\\\/\\\/www.beirut.com\\\/fr\\\/573165\\\/le-liban-pleure-le-martyr-de-la-revolution-alaa-abou-fakher\\\/\",\"url\":\"https:\\\/\\\/www.beirut.com\\\/fr\\\/573165\\\/le-liban-pleure-le-martyr-de-la-revolution-alaa-abou-fakher\\\/\",\"name\":\"Le Liban pleure le Martyr de la r\u00e9volution, Alaa Abou Fakher &#187; Beirut.com\",\"isPartOf\":{\"@id\":\"https:\\\/\\\/www.beirut.com\\\/ar\\\/#website\"},\"primaryImageOfPage\":{\"@id\":\"https:\\\/\\\/www.beirut.com\\\/fr\\\/573165\\\/le-liban-pleure-le-martyr-de-la-revolution-alaa-abou-fakher\\\/#primaryimage\"},\"image\":{\"@id\":\"https:\\\/\\\/www.beirut.com\\\/fr\\\/573165\\\/le-liban-pleure-le-martyr-de-la-revolution-alaa-abou-fakher\\\/#primaryimage\"},\"thumbnailUrl\":\"https:\\\/\\\/www.beirut.com\\\/wp-content\\\/uploads\\\/2023\\\/04\\\/a302.png\",\"datePublished\":\"2019-11-13T00:00:00+00:00\",\"dateModified\":\"2023-08-31T06:02:18+00:00\",\"breadcrumb\":{\"@id\":\"https:\\\/\\\/www.beirut.com\\\/fr\\\/573165\\\/le-liban-pleure-le-martyr-de-la-revolution-alaa-abou-fakher\\\/#breadcrumb\"},\"inLanguage\":\"fr-FR\",\"potentialAction\":[{\"@type\":\"ReadAction\",\"target\":[\"https:\\\/\\\/www.beirut.com\\\/fr\\\/573165\\\/le-liban-pleure-le-martyr-de-la-revolution-alaa-abou-fakher\\\/\"]}]},{\"@type\":\"ImageObject\",\"inLanguage\":\"fr-FR\",\"@id\":\"https:\\\/\\\/www.beirut.com\\\/fr\\\/573165\\\/le-liban-pleure-le-martyr-de-la-revolution-alaa-abou-fakher\\\/#primaryimage\",\"url\":\"https:\\\/\\\/www.beirut.com\\\/wp-content\\\/uploads\\\/2023\\\/04\\\/a302.png\",\"contentUrl\":\"https:\\\/\\\/www.beirut.com\\\/wp-content\\\/uploads\\\/2023\\\/04\\\/a302.png\",\"width\":673,\"height\":415},{\"@type\":\"BreadcrumbList\",\"@id\":\"https:\\\/\\\/www.beirut.com\\\/fr\\\/573165\\\/le-liban-pleure-le-martyr-de-la-revolution-alaa-abou-fakher\\\/#breadcrumb\",\"itemListElement\":[{\"@type\":\"ListItem\",\"position\":1,\"name\":\"Home\",\"item\":\"https:\\\/\\\/www.beirut.com\\\/ar\\\/\"},{\"@type\":\"ListItem\",\"position\":2,\"name\":\"Le Liban pleure le Martyr de la r\u00e9volution, Alaa Abou Fakher\"}]},{\"@type\":\"WebSite\",\"@id\":\"https:\\\/\\\/www.beirut.com\\\/ar\\\/#website\",\"url\":\"https:\\\/\\\/www.beirut.com\\\/ar\\\/\",\"name\":\"Beirut.com\",\"description\":\"Beirut.com est votre guide de Liban, avec les meilleures adresses de gastronomie, culture, quartiers et nouveaut\u00e9s. D\u00e9couvrez o\u00f9 aller et tomber amoureux.\",\"publisher\":{\"@id\":\"https:\\\/\\\/www.beirut.com\\\/ar\\\/#organization\"},\"potentialAction\":[{\"@type\":\"SearchAction\",\"target\":{\"@type\":\"EntryPoint\",\"urlTemplate\":\"https:\\\/\\\/www.beirut.com\\\/ar\\\/?s={search_term_string}\"},\"query-input\":{\"@type\":\"PropertyValueSpecification\",\"valueRequired\":true,\"valueName\":\"search_term_string\"}}],\"inLanguage\":\"fr-FR\"},{\"@type\":\"Organization\",\"@id\":\"https:\\\/\\\/www.beirut.com\\\/ar\\\/#organization\",\"name\":\"Beirut.com, SA\",\"url\":\"https:\\\/\\\/www.beirut.com\\\/ar\\\/\",\"logo\":{\"@type\":\"ImageObject\",\"inLanguage\":\"fr-FR\",\"@id\":\"https:\\\/\\\/www.beirut.com\\\/ar\\\/#\\\/schema\\\/logo\\\/image\\\/\",\"url\":\"https:\\\/\\\/www.beirut.com\\\/wp-content\\\/uploads\\\/2023\\\/04\\\/Beirut.com-Logo-scaled.jpg\",\"contentUrl\":\"https:\\\/\\\/www.beirut.com\\\/wp-content\\\/uploads\\\/2023\\\/04\\\/Beirut.com-Logo-scaled.jpg\",\"width\":2560,\"height\":1044,\"caption\":\"Beirut.com, SA\"},\"image\":{\"@id\":\"https:\\\/\\\/www.beirut.com\\\/ar\\\/#\\\/schema\\\/logo\\\/image\\\/\"},\"sameAs\":[\"https:\\\/\\\/www.facebook.com\\\/beirutcityguide\",\"https:\\\/\\\/x.com\\\/beirutcityguide\"]}]}<\/script>\n<!-- \/ Yoast SEO Premium plugin. -->","yoast_head_json":{"title":"Le Liban pleure le Martyr de la r\u00e9volution, Alaa Abou Fakher &#187; Beirut.com","robots":{"index":"index","follow":"follow","max-snippet":"max-snippet:-1","max-image-preview":"max-image-preview:large","max-video-preview":"max-video-preview:-1"},"canonical":"https:\/\/www.beirut.com\/fr\/573165\/le-liban-pleure-le-martyr-de-la-revolution-alaa-abou-fakher\/","og_locale":"fr_FR","og_type":"article","og_title":"Le Liban pleure le Martyr de la r\u00e9volution, Alaa Abou Fakher","og_description":"Hier, 27\u00e8me jour de la r\u00e9volution, l\u2019interview t\u00e9l\u00e9vis\u00e9e du Pr\u00e9sident Michel Aoun ravive les manifestations dans tout le pays. Les \u00e9v\u00e9nements prennent une tournure plus dramatique encore lorsque dans cette nuit d\u00e9j\u00e0 embras\u00e9e, les cris d\u00e9chirants d\u2019une femme nous parviennent. L\u2019heure est grave, la r\u00e9volution pleure son deuxi\u00e8me martyr: Alaa Abou Fakher. Roads blocked with [&hellip;]","og_url":"https:\/\/www.beirut.com\/fr\/573165\/le-liban-pleure-le-martyr-de-la-revolution-alaa-abou-fakher\/","og_site_name":"Beirut.com","article_publisher":"https:\/\/www.facebook.com\/beirutcityguide","article_published_time":"2019-11-13T00:00:00+00:00","article_modified_time":"2023-08-31T06:02:18+00:00","og_image":[{"width":673,"height":415,"url":"https:\/\/www.beirut.com\/wp-content\/uploads\/2023\/04\/a302.png","type":"image\/png"}],"twitter_card":"summary_large_image","twitter_creator":"@beirutcityguide","twitter_site":"@beirutcityguide","twitter_misc":{"Dur\u00e9e de lecture estim\u00e9e":"2 minutes"},"schema":{"@context":"https:\/\/schema.org","@graph":[{"@type":"Article","@id":"https:\/\/www.beirut.com\/fr\/573165\/le-liban-pleure-le-martyr-de-la-revolution-alaa-abou-fakher\/#article","isPartOf":{"@id":"https:\/\/www.beirut.com\/fr\/573165\/le-liban-pleure-le-martyr-de-la-revolution-alaa-abou-fakher\/"},"author":{"name":"","@id":""},"headline":"Le Liban pleure le Martyr de la r\u00e9volution, Alaa Abou Fakher","datePublished":"2019-11-13T00:00:00+00:00","dateModified":"2023-08-31T06:02:18+00:00","mainEntityOfPage":{"@id":"https:\/\/www.beirut.com\/fr\/573165\/le-liban-pleure-le-martyr-de-la-revolution-alaa-abou-fakher\/"},"wordCount":458,"publisher":{"@id":"https:\/\/www.beirut.com\/ar\/#organization"},"image":{"@id":"https:\/\/www.beirut.com\/fr\/573165\/le-liban-pleure-le-martyr-de-la-revolution-alaa-abou-fakher\/#primaryimage"},"thumbnailUrl":"https:\/\/www.beirut.com\/wp-content\/uploads\/2023\/04\/a302.png","articleSection":["Blog"],"inLanguage":"fr-FR"},{"@type":"WebPage","@id":"https:\/\/www.beirut.com\/fr\/573165\/le-liban-pleure-le-martyr-de-la-revolution-alaa-abou-fakher\/","url":"https:\/\/www.beirut.com\/fr\/573165\/le-liban-pleure-le-martyr-de-la-revolution-alaa-abou-fakher\/","name":"Le Liban pleure le Martyr de la r\u00e9volution, Alaa Abou Fakher &#187; Beirut.com","isPartOf":{"@id":"https:\/\/www.beirut.com\/ar\/#website"},"primaryImageOfPage":{"@id":"https:\/\/www.beirut.com\/fr\/573165\/le-liban-pleure-le-martyr-de-la-revolution-alaa-abou-fakher\/#primaryimage"},"image":{"@id":"https:\/\/www.beirut.com\/fr\/573165\/le-liban-pleure-le-martyr-de-la-revolution-alaa-abou-fakher\/#primaryimage"},"thumbnailUrl":"https:\/\/www.beirut.com\/wp-content\/uploads\/2023\/04\/a302.png","datePublished":"2019-11-13T00:00:00+00:00","dateModified":"2023-08-31T06:02:18+00:00","breadcrumb":{"@id":"https:\/\/www.beirut.com\/fr\/573165\/le-liban-pleure-le-martyr-de-la-revolution-alaa-abou-fakher\/#breadcrumb"},"inLanguage":"fr-FR","potentialAction":[{"@type":"ReadAction","target":["https:\/\/www.beirut.com\/fr\/573165\/le-liban-pleure-le-martyr-de-la-revolution-alaa-abou-fakher\/"]}]},{"@type":"ImageObject","inLanguage":"fr-FR","@id":"https:\/\/www.beirut.com\/fr\/573165\/le-liban-pleure-le-martyr-de-la-revolution-alaa-abou-fakher\/#primaryimage","url":"https:\/\/www.beirut.com\/wp-content\/uploads\/2023\/04\/a302.png","contentUrl":"https:\/\/www.beirut.com\/wp-content\/uploads\/2023\/04\/a302.png","width":673,"height":415},{"@type":"BreadcrumbList","@id":"https:\/\/www.beirut.com\/fr\/573165\/le-liban-pleure-le-martyr-de-la-revolution-alaa-abou-fakher\/#breadcrumb","itemListElement":[{"@type":"ListItem","position":1,"name":"Home","item":"https:\/\/www.beirut.com\/ar\/"},{"@type":"ListItem","position":2,"name":"Le Liban pleure le Martyr de la r\u00e9volution, Alaa Abou Fakher"}]},{"@type":"WebSite","@id":"https:\/\/www.beirut.com\/ar\/#website","url":"https:\/\/www.beirut.com\/ar\/","name":"Beirut.com","description":"Beirut.com est votre guide de Liban, avec les meilleures adresses de gastronomie, culture, quartiers et nouveaut\u00e9s. D\u00e9couvrez o\u00f9 aller et tomber amoureux.","publisher":{"@id":"https:\/\/www.beirut.com\/ar\/#organization"},"potentialAction":[{"@type":"SearchAction","target":{"@type":"EntryPoint","urlTemplate":"https:\/\/www.beirut.com\/ar\/?s={search_term_string}"},"query-input":{"@type":"PropertyValueSpecification","valueRequired":true,"valueName":"search_term_string"}}],"inLanguage":"fr-FR"},{"@type":"Organization","@id":"https:\/\/www.beirut.com\/ar\/#organization","name":"Beirut.com, SA","url":"https:\/\/www.beirut.com\/ar\/","logo":{"@type":"ImageObject","inLanguage":"fr-FR","@id":"https:\/\/www.beirut.com\/ar\/#\/schema\/logo\/image\/","url":"https:\/\/www.beirut.com\/wp-content\/uploads\/2023\/04\/Beirut.com-Logo-scaled.jpg","contentUrl":"https:\/\/www.beirut.com\/wp-content\/uploads\/2023\/04\/Beirut.com-Logo-scaled.jpg","width":2560,"height":1044,"caption":"Beirut.com, SA"},"image":{"@id":"https:\/\/www.beirut.com\/ar\/#\/schema\/logo\/image\/"},"sameAs":["https:\/\/www.facebook.com\/beirutcityguide","https:\/\/x.com\/beirutcityguide"]}]}},"_links":{"self":[{"href":"https:\/\/www.beirut.com\/fr\/wp-json\/wp\/v2\/posts\/573165","targetHints":{"allow":["GET"]}}],"collection":[{"href":"https:\/\/www.beirut.com\/fr\/wp-json\/wp\/v2\/posts"}],"about":[{"href":"https:\/\/www.beirut.com\/fr\/wp-json\/wp\/v2\/types\/post"}],"replies":[{"embeddable":true,"href":"https:\/\/www.beirut.com\/fr\/wp-json\/wp\/v2\/comments?post=573165"}],"version-history":[{"count":1,"href":"https:\/\/www.beirut.com\/fr\/wp-json\/wp\/v2\/posts\/573165\/revisions"}],"predecessor-version":[{"id":685268,"href":"https:\/\/www.beirut.com\/fr\/wp-json\/wp\/v2\/posts\/573165\/revisions\/685268"}],"wp:authorship":[{"embeddable":true,"href":"https:\/\/www.beirut.com\/fr\/wp-json\/wp\/v2\/users\/180"}],"wp:featuredmedia":[{"embeddable":true,"href":"https:\/\/www.beirut.com\/fr\/wp-json\/wp\/v2\/media\/573166"}],"wp:attachment":[{"href":"https:\/\/www.beirut.com\/fr\/wp-json\/wp\/v2\/media?parent=573165"}],"wp:term":[{"taxonomy":"post_tag","embeddable":true,"href":"https:\/\/www.beirut.com\/fr\/wp-json\/wp\/v2\/tags?post=573165"},{"taxonomy":"media-embed-type","embeddable":true,"href":"https:\/\/www.beirut.com\/fr\/wp-json\/wp\/v2\/media-embed-type?post=573165"}],"curies":[{"name":"wp","href":"https:\/\/api.w.org\/{rel}","templated":true}]}}