{"id":573169,"date":"2019-11-15T00:00:00","date_gmt":"2019-11-15T00:00:00","guid":{"rendered":"https:\/\/www.beirut.com\/573169\/les-expatries-libanais-reviennent-au-pays-pour-la-fete-de-lindependance"},"modified":"2024-02-14T06:10:42","modified_gmt":"2024-02-14T06:10:42","slug":"les-expatries-libanais-reviennent-au-pays-pour-la-fete-de-lindependance","status":"publish","type":"post","link":"https:\/\/www.beirut.com\/fr\/573169\/les-expatries-libanais-reviennent-au-pays-pour-la-fete-de-lindependance\/","title":{"rendered":"Les expatri\u00e9s Libanais reviennent au pays pour la f te de l&#8217;Ind\u00e9pendance"},"content":{"rendered":"<p dir=\"ltr\">En cette p\u00e9riode de r\u00e9volution, beaucoup de libanais vivant \u00e0 l\u2019\u00e9tranger regrettent d\u2019\u00eatre loin. <\/p><p dir=\"ltr\"><br><\/p><p dir=\"ltr\">Le jour de l&#8217;Ind\u00e9pendance tombant la semaine prochaine, c\u2019est l\u2019occasion pour eux de r\u00e9server leurs billets et participer \u00e0 ce grand moment d&#8217;union nationale. Fini le mode FOMO!<\/p><p dir=\"ltr\"><br><\/p><p dir=\"ltr\"><iframe title=\"Embedded Instagram Post\" allowtransparency=\"true\" allowfullscreen=\"true\" frameborder=\"0\" height=\"532\" data-src=\"https:\/\/www.instagram.com\/p\/B4Uyol8pXNb\/embed\/\" scrolling=\"no\" style=\"background: white; max-width: 540px; width: calc(100% - 2px); border-radius: 3px; border: 1px solid rgb(219, 219, 219); box-shadow: none; display: block; margin: 12px 0px 12px !important; min-width: 326px; padding: 0px;\"><\/iframe>  <\/p><p dir=\"ltr\"><br><\/p><p dir=\"ltr\">La bonne nouvelle c\u2019est que la communautee <a href=\"https:\/\/www.instagram.com\/meghterbin.mejtemiin\/\">Meghterbin Mejtem3in<\/a> offre aux  expatri\u00e9s des remises sur les prix des billets d\u2019avion.<\/p><p dir=\"ltr\"><br><\/p><p dir=\"ltr\">Si tu vis \u00e0 l&#8217;\u00e9tranger, r\u00e9unis tes potes Libanais, et r\u00e9servez ensemble vos billets car vous n\u2019aurez droit au rabais qu\u2019\u00e0 partir de 15 personnes. <\/p><p dir=\"ltr\"><br><\/p><p dir=\"ltr\"><iframe title=\"Embedded Instagram Post\" allowtransparency=\"true\" allowfullscreen=\"true\" frameborder=\"0\" height=\"532\" data-src=\"https:\/\/www.instagram.com\/p\/B4zvcjmI09N\/embed\/\" scrolling=\"no\" style=\"background: white; max-width: 540px; width: calc(100% - 2px); border-radius: 3px; border: 1px solid rgb(219, 219, 219); box-shadow: none; display: block; margin: 12px 0px 12px !important; min-width: 326px; padding: 0px;\"><\/iframe><\/p><p dir=\"ltr\"><br><\/p><p dir=\"ltr\">\u00c0 la date du 22 novembre et une fois tous les expatri\u00e9s arriv\u00e9s, une marche sera organis\u00e9e de l&#8217;a\u00e9roport de Beyrouth \u00e0 la place des Martyrs.<\/p><p><br><\/p><p><iframe title=\"Embedded Instagram Post\" allowtransparency=\"true\" allowfullscreen=\"true\" frameborder=\"0\" height=\"532\" data-src=\"https:\/\/www.instagram.com\/p\/B4zvabMoJLd\/embed\/\" scrolling=\"no\" style=\"background: white; max-width: 540px; width: calc(100% - 2px); border-radius: 3px; border: 1px solid rgb(219, 219, 219); box-shadow: none; display: block; margin: 12px 0px 12px !important; min-width: 326px; padding: 0px;\"><\/iframe><\/p><p> <\/p><p dir=\"ltr\">Le jour de l&#8217;Ind\u00e9pendance 2019 sera tr\u00e8s sp\u00e9cial: Yalla, donnons ensemble un sens nouveau \u00e0 cette date!<\/p><p dir=\"ltr\"><br><\/p><p dir=\"ltr\">Envoie un email \u00e0 <a href=\"mailto:meghterbinrejiin@gmail.com\">meghterbinrejiin@gmail.com<\/a> pour plus d\u2019informations.<\/p>","protected":false},"excerpt":{"rendered":"<p>En cette p\u00e9riode de r\u00e9volution, beaucoup de libanais vivant \u00e0 l\u2019\u00e9tranger regrettent d\u2019\u00eatre loin. Le jour de l&#8217;Ind\u00e9pendance tombant la semaine prochaine, c\u2019est l\u2019occasion pour eux de r\u00e9server leurs billets et participer \u00e0 ce grand moment d&#8217;union nationale. Fini le mode FOMO! La bonne nouvelle c\u2019est que la communautee Meghterbin Mejtem3in offre aux expatri\u00e9s des [&hellip;]<\/p>\n","protected":false},"author":0,"featured_media":573170,"comment_status":"closed","ping_status":"closed","sticky":false,"template":"","format":"standard","meta":{"_preview_accessed":0,"footnotes":""},"tags":[],"media-embed-type":[],"class_list":["post-573169","post","type-post","status-publish","format-standard","has-post-thumbnail","hentry","category-le-blog"],"authorship":[108],"yoast_head":"<!-- This site is optimized with the Yoast SEO Premium plugin v27.3 (Yoast SEO v27.3) - https:\/\/yoast.com\/product\/yoast-seo-premium-wordpress\/ -->\n<title>Les expatri\u00e9s Libanais reviennent au pays pour la f te de l&#039;Ind\u00e9pendance &#187; Beirut.com<\/title>\n<meta name=\"robots\" content=\"index, follow, max-snippet:-1, max-image-preview:large, max-video-preview:-1\" \/>\n<link rel=\"canonical\" href=\"https:\/\/www.beirut.com\/fr\/573169\/les-expatries-libanais-reviennent-au-pays-pour-la-fete-de-lindependance\/\" \/>\n<meta property=\"og:locale\" content=\"fr_FR\" \/>\n<meta property=\"og:type\" content=\"article\" \/>\n<meta property=\"og:title\" content=\"Les expatri\u00e9s Libanais reviennent au pays pour la f te de l&#039;Ind\u00e9pendance\" \/>\n<meta property=\"og:description\" content=\"En cette p\u00e9riode de r\u00e9volution, beaucoup de libanais vivant \u00e0 l\u2019\u00e9tranger regrettent d\u2019\u00eatre loin. Le jour de l&#8217;Ind\u00e9pendance tombant la semaine prochaine, c\u2019est l\u2019occasion pour eux de r\u00e9server leurs billets et participer \u00e0 ce grand moment d&#8217;union nationale. Fini le mode FOMO! La bonne nouvelle c\u2019est que la communautee Meghterbin Mejtem3in offre aux expatri\u00e9s des [&hellip;]\" \/>\n<meta property=\"og:url\" content=\"https:\/\/www.beirut.com\/fr\/573169\/les-expatries-libanais-reviennent-au-pays-pour-la-fete-de-lindependance\/\" \/>\n<meta property=\"og:site_name\" content=\"Beirut.com\" \/>\n<meta property=\"article:publisher\" content=\"https:\/\/www.facebook.com\/beirutcityguide\" \/>\n<meta property=\"article:published_time\" content=\"2019-11-15T00:00:00+00:00\" \/>\n<meta property=\"article:modified_time\" content=\"2024-02-14T06:10:42+00:00\" \/>\n<meta property=\"og:image\" content=\"https:\/\/www.beirut.com\/wp-content\/uploads\/2023\/04\/a303.png\" \/>\n\t<meta property=\"og:image:width\" content=\"1080\" \/>\n\t<meta property=\"og:image:height\" content=\"810\" \/>\n\t<meta property=\"og:image:type\" content=\"image\/png\" \/>\n<meta name=\"twitter:card\" content=\"summary_large_image\" \/>\n<meta name=\"twitter:creator\" content=\"@beirutcityguide\" \/>\n<meta name=\"twitter:site\" content=\"@beirutcityguide\" \/>\n<meta name=\"twitter:label1\" content=\"Dur\u00e9e de lecture estim\u00e9e\" \/>\n\t<meta name=\"twitter:data1\" content=\"1 minute\" \/>\n<script type=\"application\/ld+json\" class=\"yoast-schema-graph\">{\"@context\":\"https:\\\/\\\/schema.org\",\"@graph\":[{\"@type\":\"Article\",\"@id\":\"https:\\\/\\\/www.beirut.com\\\/fr\\\/573169\\\/les-expatries-libanais-reviennent-au-pays-pour-la-fete-de-lindependance\\\/#article\",\"isPartOf\":{\"@id\":\"https:\\\/\\\/www.beirut.com\\\/fr\\\/573169\\\/les-expatries-libanais-reviennent-au-pays-pour-la-fete-de-lindependance\\\/\"},\"author\":{\"name\":\"\",\"@id\":\"\"},\"headline\":\"Les expatri\u00e9s Libanais reviennent au pays pour la f te de l&#8217;Ind\u00e9pendance\",\"datePublished\":\"2019-11-15T00:00:00+00:00\",\"dateModified\":\"2024-02-14T06:10:42+00:00\",\"mainEntityOfPage\":{\"@id\":\"https:\\\/\\\/www.beirut.com\\\/fr\\\/573169\\\/les-expatries-libanais-reviennent-au-pays-pour-la-fete-de-lindependance\\\/\"},\"wordCount\":182,\"publisher\":{\"@id\":\"https:\\\/\\\/www.beirut.com\\\/ar\\\/#organization\"},\"image\":{\"@id\":\"https:\\\/\\\/www.beirut.com\\\/fr\\\/573169\\\/les-expatries-libanais-reviennent-au-pays-pour-la-fete-de-lindependance\\\/#primaryimage\"},\"thumbnailUrl\":\"https:\\\/\\\/www.beirut.com\\\/wp-content\\\/uploads\\\/2023\\\/04\\\/a303.png\",\"articleSection\":[\"Blog\"],\"inLanguage\":\"fr-FR\"},{\"@type\":\"WebPage\",\"@id\":\"https:\\\/\\\/www.beirut.com\\\/fr\\\/573169\\\/les-expatries-libanais-reviennent-au-pays-pour-la-fete-de-lindependance\\\/\",\"url\":\"https:\\\/\\\/www.beirut.com\\\/fr\\\/573169\\\/les-expatries-libanais-reviennent-au-pays-pour-la-fete-de-lindependance\\\/\",\"name\":\"Les expatri\u00e9s Libanais reviennent au pays pour la f te de l'Ind\u00e9pendance &#187; Beirut.com\",\"isPartOf\":{\"@id\":\"https:\\\/\\\/www.beirut.com\\\/ar\\\/#website\"},\"primaryImageOfPage\":{\"@id\":\"https:\\\/\\\/www.beirut.com\\\/fr\\\/573169\\\/les-expatries-libanais-reviennent-au-pays-pour-la-fete-de-lindependance\\\/#primaryimage\"},\"image\":{\"@id\":\"https:\\\/\\\/www.beirut.com\\\/fr\\\/573169\\\/les-expatries-libanais-reviennent-au-pays-pour-la-fete-de-lindependance\\\/#primaryimage\"},\"thumbnailUrl\":\"https:\\\/\\\/www.beirut.com\\\/wp-content\\\/uploads\\\/2023\\\/04\\\/a303.png\",\"datePublished\":\"2019-11-15T00:00:00+00:00\",\"dateModified\":\"2024-02-14T06:10:42+00:00\",\"breadcrumb\":{\"@id\":\"https:\\\/\\\/www.beirut.com\\\/fr\\\/573169\\\/les-expatries-libanais-reviennent-au-pays-pour-la-fete-de-lindependance\\\/#breadcrumb\"},\"inLanguage\":\"fr-FR\",\"potentialAction\":[{\"@type\":\"ReadAction\",\"target\":[\"https:\\\/\\\/www.beirut.com\\\/fr\\\/573169\\\/les-expatries-libanais-reviennent-au-pays-pour-la-fete-de-lindependance\\\/\"]}]},{\"@type\":\"ImageObject\",\"inLanguage\":\"fr-FR\",\"@id\":\"https:\\\/\\\/www.beirut.com\\\/fr\\\/573169\\\/les-expatries-libanais-reviennent-au-pays-pour-la-fete-de-lindependance\\\/#primaryimage\",\"url\":\"https:\\\/\\\/www.beirut.com\\\/wp-content\\\/uploads\\\/2023\\\/04\\\/a303.png\",\"contentUrl\":\"https:\\\/\\\/www.beirut.com\\\/wp-content\\\/uploads\\\/2023\\\/04\\\/a303.png\",\"width\":1080,\"height\":810},{\"@type\":\"BreadcrumbList\",\"@id\":\"https:\\\/\\\/www.beirut.com\\\/fr\\\/573169\\\/les-expatries-libanais-reviennent-au-pays-pour-la-fete-de-lindependance\\\/#breadcrumb\",\"itemListElement\":[{\"@type\":\"ListItem\",\"position\":1,\"name\":\"Home\",\"item\":\"https:\\\/\\\/www.beirut.com\\\/ar\\\/\"},{\"@type\":\"ListItem\",\"position\":2,\"name\":\"Les expatri\u00e9s Libanais reviennent au pays pour la f te de l&#8217;Ind\u00e9pendance\"}]},{\"@type\":\"WebSite\",\"@id\":\"https:\\\/\\\/www.beirut.com\\\/ar\\\/#website\",\"url\":\"https:\\\/\\\/www.beirut.com\\\/ar\\\/\",\"name\":\"Beirut.com\",\"description\":\"Beirut.com est votre guide de Liban, avec les meilleures adresses de gastronomie, culture, quartiers et nouveaut\u00e9s. D\u00e9couvrez o\u00f9 aller et tomber amoureux.\",\"publisher\":{\"@id\":\"https:\\\/\\\/www.beirut.com\\\/ar\\\/#organization\"},\"potentialAction\":[{\"@type\":\"SearchAction\",\"target\":{\"@type\":\"EntryPoint\",\"urlTemplate\":\"https:\\\/\\\/www.beirut.com\\\/ar\\\/?s={search_term_string}\"},\"query-input\":{\"@type\":\"PropertyValueSpecification\",\"valueRequired\":true,\"valueName\":\"search_term_string\"}}],\"inLanguage\":\"fr-FR\"},{\"@type\":\"Organization\",\"@id\":\"https:\\\/\\\/www.beirut.com\\\/ar\\\/#organization\",\"name\":\"Beirut.com, SA\",\"url\":\"https:\\\/\\\/www.beirut.com\\\/ar\\\/\",\"logo\":{\"@type\":\"ImageObject\",\"inLanguage\":\"fr-FR\",\"@id\":\"https:\\\/\\\/www.beirut.com\\\/ar\\\/#\\\/schema\\\/logo\\\/image\\\/\",\"url\":\"https:\\\/\\\/www.beirut.com\\\/wp-content\\\/uploads\\\/2023\\\/04\\\/Beirut.com-Logo-scaled.jpg\",\"contentUrl\":\"https:\\\/\\\/www.beirut.com\\\/wp-content\\\/uploads\\\/2023\\\/04\\\/Beirut.com-Logo-scaled.jpg\",\"width\":2560,\"height\":1044,\"caption\":\"Beirut.com, SA\"},\"image\":{\"@id\":\"https:\\\/\\\/www.beirut.com\\\/ar\\\/#\\\/schema\\\/logo\\\/image\\\/\"},\"sameAs\":[\"https:\\\/\\\/www.facebook.com\\\/beirutcityguide\",\"https:\\\/\\\/x.com\\\/beirutcityguide\"]}]}<\/script>\n<!-- \/ Yoast SEO Premium plugin. -->","yoast_head_json":{"title":"Les expatri\u00e9s Libanais reviennent au pays pour la f te de l'Ind\u00e9pendance &#187; Beirut.com","robots":{"index":"index","follow":"follow","max-snippet":"max-snippet:-1","max-image-preview":"max-image-preview:large","max-video-preview":"max-video-preview:-1"},"canonical":"https:\/\/www.beirut.com\/fr\/573169\/les-expatries-libanais-reviennent-au-pays-pour-la-fete-de-lindependance\/","og_locale":"fr_FR","og_type":"article","og_title":"Les expatri\u00e9s Libanais reviennent au pays pour la f te de l'Ind\u00e9pendance","og_description":"En cette p\u00e9riode de r\u00e9volution, beaucoup de libanais vivant \u00e0 l\u2019\u00e9tranger regrettent d\u2019\u00eatre loin. Le jour de l&#8217;Ind\u00e9pendance tombant la semaine prochaine, c\u2019est l\u2019occasion pour eux de r\u00e9server leurs billets et participer \u00e0 ce grand moment d&#8217;union nationale. Fini le mode FOMO! La bonne nouvelle c\u2019est que la communautee Meghterbin Mejtem3in offre aux expatri\u00e9s des [&hellip;]","og_url":"https:\/\/www.beirut.com\/fr\/573169\/les-expatries-libanais-reviennent-au-pays-pour-la-fete-de-lindependance\/","og_site_name":"Beirut.com","article_publisher":"https:\/\/www.facebook.com\/beirutcityguide","article_published_time":"2019-11-15T00:00:00+00:00","article_modified_time":"2024-02-14T06:10:42+00:00","og_image":[{"width":1080,"height":810,"url":"https:\/\/www.beirut.com\/wp-content\/uploads\/2023\/04\/a303.png","type":"image\/png"}],"twitter_card":"summary_large_image","twitter_creator":"@beirutcityguide","twitter_site":"@beirutcityguide","twitter_misc":{"Dur\u00e9e de lecture estim\u00e9e":"1 minute"},"schema":{"@context":"https:\/\/schema.org","@graph":[{"@type":"Article","@id":"https:\/\/www.beirut.com\/fr\/573169\/les-expatries-libanais-reviennent-au-pays-pour-la-fete-de-lindependance\/#article","isPartOf":{"@id":"https:\/\/www.beirut.com\/fr\/573169\/les-expatries-libanais-reviennent-au-pays-pour-la-fete-de-lindependance\/"},"author":{"name":"","@id":""},"headline":"Les expatri\u00e9s Libanais reviennent au pays pour la f te de l&#8217;Ind\u00e9pendance","datePublished":"2019-11-15T00:00:00+00:00","dateModified":"2024-02-14T06:10:42+00:00","mainEntityOfPage":{"@id":"https:\/\/www.beirut.com\/fr\/573169\/les-expatries-libanais-reviennent-au-pays-pour-la-fete-de-lindependance\/"},"wordCount":182,"publisher":{"@id":"https:\/\/www.beirut.com\/ar\/#organization"},"image":{"@id":"https:\/\/www.beirut.com\/fr\/573169\/les-expatries-libanais-reviennent-au-pays-pour-la-fete-de-lindependance\/#primaryimage"},"thumbnailUrl":"https:\/\/www.beirut.com\/wp-content\/uploads\/2023\/04\/a303.png","articleSection":["Blog"],"inLanguage":"fr-FR"},{"@type":"WebPage","@id":"https:\/\/www.beirut.com\/fr\/573169\/les-expatries-libanais-reviennent-au-pays-pour-la-fete-de-lindependance\/","url":"https:\/\/www.beirut.com\/fr\/573169\/les-expatries-libanais-reviennent-au-pays-pour-la-fete-de-lindependance\/","name":"Les expatri\u00e9s Libanais reviennent au pays pour la f te de l'Ind\u00e9pendance &#187; Beirut.com","isPartOf":{"@id":"https:\/\/www.beirut.com\/ar\/#website"},"primaryImageOfPage":{"@id":"https:\/\/www.beirut.com\/fr\/573169\/les-expatries-libanais-reviennent-au-pays-pour-la-fete-de-lindependance\/#primaryimage"},"image":{"@id":"https:\/\/www.beirut.com\/fr\/573169\/les-expatries-libanais-reviennent-au-pays-pour-la-fete-de-lindependance\/#primaryimage"},"thumbnailUrl":"https:\/\/www.beirut.com\/wp-content\/uploads\/2023\/04\/a303.png","datePublished":"2019-11-15T00:00:00+00:00","dateModified":"2024-02-14T06:10:42+00:00","breadcrumb":{"@id":"https:\/\/www.beirut.com\/fr\/573169\/les-expatries-libanais-reviennent-au-pays-pour-la-fete-de-lindependance\/#breadcrumb"},"inLanguage":"fr-FR","potentialAction":[{"@type":"ReadAction","target":["https:\/\/www.beirut.com\/fr\/573169\/les-expatries-libanais-reviennent-au-pays-pour-la-fete-de-lindependance\/"]}]},{"@type":"ImageObject","inLanguage":"fr-FR","@id":"https:\/\/www.beirut.com\/fr\/573169\/les-expatries-libanais-reviennent-au-pays-pour-la-fete-de-lindependance\/#primaryimage","url":"https:\/\/www.beirut.com\/wp-content\/uploads\/2023\/04\/a303.png","contentUrl":"https:\/\/www.beirut.com\/wp-content\/uploads\/2023\/04\/a303.png","width":1080,"height":810},{"@type":"BreadcrumbList","@id":"https:\/\/www.beirut.com\/fr\/573169\/les-expatries-libanais-reviennent-au-pays-pour-la-fete-de-lindependance\/#breadcrumb","itemListElement":[{"@type":"ListItem","position":1,"name":"Home","item":"https:\/\/www.beirut.com\/ar\/"},{"@type":"ListItem","position":2,"name":"Les expatri\u00e9s Libanais reviennent au pays pour la f te de l&#8217;Ind\u00e9pendance"}]},{"@type":"WebSite","@id":"https:\/\/www.beirut.com\/ar\/#website","url":"https:\/\/www.beirut.com\/ar\/","name":"Beirut.com","description":"Beirut.com est votre guide de Liban, avec les meilleures adresses de gastronomie, culture, quartiers et nouveaut\u00e9s. D\u00e9couvrez o\u00f9 aller et tomber amoureux.","publisher":{"@id":"https:\/\/www.beirut.com\/ar\/#organization"},"potentialAction":[{"@type":"SearchAction","target":{"@type":"EntryPoint","urlTemplate":"https:\/\/www.beirut.com\/ar\/?s={search_term_string}"},"query-input":{"@type":"PropertyValueSpecification","valueRequired":true,"valueName":"search_term_string"}}],"inLanguage":"fr-FR"},{"@type":"Organization","@id":"https:\/\/www.beirut.com\/ar\/#organization","name":"Beirut.com, SA","url":"https:\/\/www.beirut.com\/ar\/","logo":{"@type":"ImageObject","inLanguage":"fr-FR","@id":"https:\/\/www.beirut.com\/ar\/#\/schema\/logo\/image\/","url":"https:\/\/www.beirut.com\/wp-content\/uploads\/2023\/04\/Beirut.com-Logo-scaled.jpg","contentUrl":"https:\/\/www.beirut.com\/wp-content\/uploads\/2023\/04\/Beirut.com-Logo-scaled.jpg","width":2560,"height":1044,"caption":"Beirut.com, SA"},"image":{"@id":"https:\/\/www.beirut.com\/ar\/#\/schema\/logo\/image\/"},"sameAs":["https:\/\/www.facebook.com\/beirutcityguide","https:\/\/x.com\/beirutcityguide"]}]}},"_links":{"self":[{"href":"https:\/\/www.beirut.com\/fr\/wp-json\/wp\/v2\/posts\/573169","targetHints":{"allow":["GET"]}}],"collection":[{"href":"https:\/\/www.beirut.com\/fr\/wp-json\/wp\/v2\/posts"}],"about":[{"href":"https:\/\/www.beirut.com\/fr\/wp-json\/wp\/v2\/types\/post"}],"replies":[{"embeddable":true,"href":"https:\/\/www.beirut.com\/fr\/wp-json\/wp\/v2\/comments?post=573169"}],"version-history":[{"count":1,"href":"https:\/\/www.beirut.com\/fr\/wp-json\/wp\/v2\/posts\/573169\/revisions"}],"predecessor-version":[{"id":713242,"href":"https:\/\/www.beirut.com\/fr\/wp-json\/wp\/v2\/posts\/573169\/revisions\/713242"}],"wp:authorship":[{"embeddable":true,"href":"https:\/\/www.beirut.com\/fr\/wp-json\/wp\/v2\/users\/108"}],"wp:featuredmedia":[{"embeddable":true,"href":"https:\/\/www.beirut.com\/fr\/wp-json\/wp\/v2\/media\/573170"}],"wp:attachment":[{"href":"https:\/\/www.beirut.com\/fr\/wp-json\/wp\/v2\/media?parent=573169"}],"wp:term":[{"taxonomy":"post_tag","embeddable":true,"href":"https:\/\/www.beirut.com\/fr\/wp-json\/wp\/v2\/tags?post=573169"},{"taxonomy":"media-embed-type","embeddable":true,"href":"https:\/\/www.beirut.com\/fr\/wp-json\/wp\/v2\/media-embed-type?post=573169"}],"curies":[{"name":"wp","href":"https:\/\/api.w.org\/{rel}","templated":true}]}}