{"id":706954,"date":"2024-01-30T09:47:40","date_gmt":"2024-01-30T09:47:40","guid":{"rendered":"https:\/\/www.beirut.com\/?p=706954"},"modified":"2024-01-30T10:18:49","modified_gmt":"2024-01-30T10:18:49","slug":"chanteur-libanais-epate-lors-des-auditions-a-laveugle-de-la-voix-canada","status":"publish","type":"post","link":"https:\/\/www.beirut.com\/fr\/706954\/chanteur-libanais-epate-lors-des-auditions-a-laveugle-de-la-voix-canada\/","title":{"rendered":"Chanteur libanais \u00e9pate lors des auditions \u00e0 l&#8217;aveugle de La Voix Canada"},"content":{"rendered":" <p>Le mash-up de Fairuz et Jean-Francois Michael dont nous ignorions avoir besoin!<\/p>    <p><\/p>    <p><\/p>    <p>La chanteuse libanaise de vingt-deux ans, Jana Salameh, a \u00e9bloui les juges lors de son audition \u00e0 l&#8217;aveugle \u00e0 La Voix Qu\u00e9bec, et nous a coup\u00e9 le souffle.<\/p>    <p><\/p>   <iframe title=\"Embedded Instagram Post\" allowtransparency=\"true\" allowfullscreen=\"true\" frameborder=\"0\" height=\"532\" data-src=\"https:\/\/www.instagram.com\/p\/C1KNjoAsHyZ\/embed\/\" scrolling=\"no\" style=\"background: white; max-width: 540px; width: calc(100% - 2px); border-radius: 3px; border: 1px solid rgb(219, 219, 219); box-shadow: none; display: block; margin: 12px 0px 12px !important; min-width: 326px; padding: 0px;\"><\/iframe>   <p><\/p>    <p><\/p>    <p>La chanteuse bas\u00e9e \u00e0 Ottawa, qui a \u00e9t\u00e9 form\u00e9e au Conservatoire libanais et a appris \u00e0 jouer de la guitare \u00e0 8 ans, a choisi de chanter en arabe et en fran\u00e7ais, d\u00e9crivant les deux comme faisant partie de son identit\u00e9. En montant sur sc\u00e8ne, elle a commenc\u00e9 par chanter la ch\u00e8re chanson de Fairuz, <em>Habbaytak bil Sayf<\/em>, puis a encha\u00een\u00e9 avec le classique <em>Coupable<\/em> de Jean-Fran\u00e7ois Michael.<\/p>    <p><\/p>    <p>Il n&#8217;a pas fallu longtemps avant que les juges Corneille et France D&#8217;Amour ne soient excit\u00e9s pour elle. Salameh a finalement choisi de rejoindre l&#8217;\u00e9quipe de Corneille! <\/p>    <p><\/p>   <iframe title=\"Embedded Instagram Post\" allowtransparency=\"true\" allowfullscreen=\"true\" frameborder=\"0\" height=\"532\" data-src=\"https:\/\/www.instagram.com\/p\/C2qf7n8LPad\/embed\/\" scrolling=\"no\" style=\"background: white; max-width: 540px; width: calc(100% - 2px); border-radius: 3px; border: 1px solid rgb(219, 219, 219); box-shadow: none; display: block; margin: 12px 0px 12px !important; min-width: 326px; padding: 0px;\"><\/iframe>   <p><\/p>    <p>Vous pouvez regarder toute son audition ici:<\/p>    <p><\/p>    <div class=\"youtube\" data-embed=\"P5V6H2KKvDI\">   <div class=\"play-button\"><\/div>  <\/div>    <p><\/p>    <p>Nous lui souhaitons bonne chance dans son voyage musical! <\/p>    <p><\/p> ","protected":false},"excerpt":{"rendered":"<p>Le mash-up de Fairuz et Jean-Francois Michael dont nous ignorions avoir besoin! La chanteuse libanaise de vingt-deux ans, Jana Salameh, a \u00e9bloui les juges lors de son audition \u00e0 l&#8217;aveugle \u00e0 La Voix Qu\u00e9bec, et nous a coup\u00e9 le souffle. La chanteuse bas\u00e9e \u00e0 Ottawa, qui a \u00e9t\u00e9 form\u00e9e au Conservatoire libanais et a appris [&hellip;]<\/p>\n","protected":false},"author":102,"featured_media":706933,"comment_status":"closed","ping_status":"closed","sticky":false,"template":"","format":"standard","meta":{"_preview_accessed":0,"footnotes":""},"tags":[],"media-embed-type":[],"class_list":["post-706954","post","type-post","status-publish","format-standard","has-post-thumbnail","hentry","category-stuffwelove"],"authorship":[144],"yoast_head":"<!-- This site is optimized with the Yoast SEO Premium plugin v27.3 (Yoast SEO v27.3) - https:\/\/yoast.com\/product\/yoast-seo-premium-wordpress\/ -->\n<title>Chanteur libanais \u00e9pate lors des auditions \u00e0 l&#039;aveugle de La Voix Canada &#187; Beirut.com<\/title>\n<meta name=\"robots\" content=\"index, follow, max-snippet:-1, max-image-preview:large, max-video-preview:-1\" \/>\n<link rel=\"canonical\" href=\"https:\/\/www.beirut.com\/fr\/706954\/chanteur-libanais-epate-lors-des-auditions-a-laveugle-de-la-voix-canada\/\" \/>\n<meta property=\"og:locale\" content=\"fr_FR\" \/>\n<meta property=\"og:type\" content=\"article\" \/>\n<meta property=\"og:title\" content=\"Chanteur libanais \u00e9pate lors des auditions \u00e0 l&#039;aveugle de La Voix Canada\" \/>\n<meta property=\"og:description\" content=\"Le mash-up de Fairuz et Jean-Francois Michael dont nous ignorions avoir besoin! La chanteuse libanaise de vingt-deux ans, Jana Salameh, a \u00e9bloui les juges lors de son audition \u00e0 l&#8217;aveugle \u00e0 La Voix Qu\u00e9bec, et nous a coup\u00e9 le souffle. La chanteuse bas\u00e9e \u00e0 Ottawa, qui a \u00e9t\u00e9 form\u00e9e au Conservatoire libanais et a appris [&hellip;]\" \/>\n<meta property=\"og:url\" content=\"https:\/\/www.beirut.com\/fr\/706954\/chanteur-libanais-epate-lors-des-auditions-a-laveugle-de-la-voix-canada\/\" \/>\n<meta property=\"og:site_name\" content=\"Beirut.com\" \/>\n<meta property=\"article:publisher\" content=\"https:\/\/www.facebook.com\/beirutcityguide\" \/>\n<meta property=\"article:published_time\" content=\"2024-01-30T09:47:40+00:00\" \/>\n<meta property=\"article:modified_time\" content=\"2024-01-30T10:18:49+00:00\" \/>\n<meta property=\"og:image\" content=\"https:\/\/www.beirut.com\/wp-content\/uploads\/2024\/01\/Screenshot-2024-01-30-at-11.26.25-AM.png\" \/>\n\t<meta property=\"og:image:width\" content=\"1480\" \/>\n\t<meta property=\"og:image:height\" content=\"700\" \/>\n\t<meta property=\"og:image:type\" content=\"image\/png\" \/>\n<meta name=\"author\" content=\"Lama Hajj\" \/>\n<meta name=\"twitter:card\" content=\"summary_large_image\" \/>\n<meta name=\"twitter:creator\" content=\"@beirutcityguide\" \/>\n<meta name=\"twitter:site\" content=\"@beirutcityguide\" \/>\n<meta name=\"twitter:label1\" content=\"\u00c9crit par\" \/>\n\t<meta name=\"twitter:data1\" content=\"Lama Hajj\" \/>\n\t<meta name=\"twitter:label2\" content=\"Dur\u00e9e de lecture estim\u00e9e\" \/>\n\t<meta name=\"twitter:data2\" content=\"1 minute\" \/>\n<script type=\"application\/ld+json\" class=\"yoast-schema-graph\">{\"@context\":\"https:\\\/\\\/schema.org\",\"@graph\":[{\"@type\":\"Article\",\"@id\":\"https:\\\/\\\/www.beirut.com\\\/fr\\\/706954\\\/chanteur-libanais-epate-lors-des-auditions-a-laveugle-de-la-voix-canada\\\/#article\",\"isPartOf\":{\"@id\":\"https:\\\/\\\/www.beirut.com\\\/fr\\\/706954\\\/chanteur-libanais-epate-lors-des-auditions-a-laveugle-de-la-voix-canada\\\/\"},\"author\":{\"name\":\"Lama Hajj\",\"@id\":\"https:\\\/\\\/www.beirut.com\\\/ar\\\/#\\\/schema\\\/person\\\/97c22b1acf96bb062cb725fb93718ec7\"},\"headline\":\"Chanteur libanais \u00e9pate lors des auditions \u00e0 l&#8217;aveugle de La Voix Canada\",\"datePublished\":\"2024-01-30T09:47:40+00:00\",\"dateModified\":\"2024-01-30T10:18:49+00:00\",\"mainEntityOfPage\":{\"@id\":\"https:\\\/\\\/www.beirut.com\\\/fr\\\/706954\\\/chanteur-libanais-epate-lors-des-auditions-a-laveugle-de-la-voix-canada\\\/\"},\"wordCount\":171,\"publisher\":{\"@id\":\"https:\\\/\\\/www.beirut.com\\\/ar\\\/#organization\"},\"image\":{\"@id\":\"https:\\\/\\\/www.beirut.com\\\/fr\\\/706954\\\/chanteur-libanais-epate-lors-des-auditions-a-laveugle-de-la-voix-canada\\\/#primaryimage\"},\"thumbnailUrl\":\"https:\\\/\\\/www.beirut.com\\\/wp-content\\\/uploads\\\/2024\\\/01\\\/Screenshot-2024-01-30-at-11.26.25-AM.png\",\"articleSection\":[\"Stuff We Love\"],\"inLanguage\":\"fr-FR\"},{\"@type\":\"WebPage\",\"@id\":\"https:\\\/\\\/www.beirut.com\\\/fr\\\/706954\\\/chanteur-libanais-epate-lors-des-auditions-a-laveugle-de-la-voix-canada\\\/\",\"url\":\"https:\\\/\\\/www.beirut.com\\\/fr\\\/706954\\\/chanteur-libanais-epate-lors-des-auditions-a-laveugle-de-la-voix-canada\\\/\",\"name\":\"Chanteur libanais \u00e9pate lors des auditions \u00e0 l'aveugle de La Voix Canada &#187; Beirut.com\",\"isPartOf\":{\"@id\":\"https:\\\/\\\/www.beirut.com\\\/ar\\\/#website\"},\"primaryImageOfPage\":{\"@id\":\"https:\\\/\\\/www.beirut.com\\\/fr\\\/706954\\\/chanteur-libanais-epate-lors-des-auditions-a-laveugle-de-la-voix-canada\\\/#primaryimage\"},\"image\":{\"@id\":\"https:\\\/\\\/www.beirut.com\\\/fr\\\/706954\\\/chanteur-libanais-epate-lors-des-auditions-a-laveugle-de-la-voix-canada\\\/#primaryimage\"},\"thumbnailUrl\":\"https:\\\/\\\/www.beirut.com\\\/wp-content\\\/uploads\\\/2024\\\/01\\\/Screenshot-2024-01-30-at-11.26.25-AM.png\",\"datePublished\":\"2024-01-30T09:47:40+00:00\",\"dateModified\":\"2024-01-30T10:18:49+00:00\",\"breadcrumb\":{\"@id\":\"https:\\\/\\\/www.beirut.com\\\/fr\\\/706954\\\/chanteur-libanais-epate-lors-des-auditions-a-laveugle-de-la-voix-canada\\\/#breadcrumb\"},\"inLanguage\":\"fr-FR\",\"potentialAction\":[{\"@type\":\"ReadAction\",\"target\":[\"https:\\\/\\\/www.beirut.com\\\/fr\\\/706954\\\/chanteur-libanais-epate-lors-des-auditions-a-laveugle-de-la-voix-canada\\\/\"]}]},{\"@type\":\"ImageObject\",\"inLanguage\":\"fr-FR\",\"@id\":\"https:\\\/\\\/www.beirut.com\\\/fr\\\/706954\\\/chanteur-libanais-epate-lors-des-auditions-a-laveugle-de-la-voix-canada\\\/#primaryimage\",\"url\":\"https:\\\/\\\/www.beirut.com\\\/wp-content\\\/uploads\\\/2024\\\/01\\\/Screenshot-2024-01-30-at-11.26.25-AM.png\",\"contentUrl\":\"https:\\\/\\\/www.beirut.com\\\/wp-content\\\/uploads\\\/2024\\\/01\\\/Screenshot-2024-01-30-at-11.26.25-AM.png\",\"width\":1480,\"height\":700},{\"@type\":\"BreadcrumbList\",\"@id\":\"https:\\\/\\\/www.beirut.com\\\/fr\\\/706954\\\/chanteur-libanais-epate-lors-des-auditions-a-laveugle-de-la-voix-canada\\\/#breadcrumb\",\"itemListElement\":[{\"@type\":\"ListItem\",\"position\":1,\"name\":\"Home\",\"item\":\"https:\\\/\\\/www.beirut.com\\\/ar\\\/\"},{\"@type\":\"ListItem\",\"position\":2,\"name\":\"Chanteur libanais \u00e9pate lors des auditions \u00e0 l&#8217;aveugle de La Voix Canada\"}]},{\"@type\":\"WebSite\",\"@id\":\"https:\\\/\\\/www.beirut.com\\\/ar\\\/#website\",\"url\":\"https:\\\/\\\/www.beirut.com\\\/ar\\\/\",\"name\":\"Beirut.com\",\"description\":\"Beirut.com est votre guide de Liban, avec les meilleures adresses de gastronomie, culture, quartiers et nouveaut\u00e9s. D\u00e9couvrez o\u00f9 aller et tomber amoureux.\",\"publisher\":{\"@id\":\"https:\\\/\\\/www.beirut.com\\\/ar\\\/#organization\"},\"potentialAction\":[{\"@type\":\"SearchAction\",\"target\":{\"@type\":\"EntryPoint\",\"urlTemplate\":\"https:\\\/\\\/www.beirut.com\\\/ar\\\/?s={search_term_string}\"},\"query-input\":{\"@type\":\"PropertyValueSpecification\",\"valueRequired\":true,\"valueName\":\"search_term_string\"}}],\"inLanguage\":\"fr-FR\"},{\"@type\":\"Organization\",\"@id\":\"https:\\\/\\\/www.beirut.com\\\/ar\\\/#organization\",\"name\":\"Beirut.com, SA\",\"url\":\"https:\\\/\\\/www.beirut.com\\\/ar\\\/\",\"logo\":{\"@type\":\"ImageObject\",\"inLanguage\":\"fr-FR\",\"@id\":\"https:\\\/\\\/www.beirut.com\\\/ar\\\/#\\\/schema\\\/logo\\\/image\\\/\",\"url\":\"https:\\\/\\\/www.beirut.com\\\/wp-content\\\/uploads\\\/2023\\\/04\\\/Beirut.com-Logo-scaled.jpg\",\"contentUrl\":\"https:\\\/\\\/www.beirut.com\\\/wp-content\\\/uploads\\\/2023\\\/04\\\/Beirut.com-Logo-scaled.jpg\",\"width\":2560,\"height\":1044,\"caption\":\"Beirut.com, SA\"},\"image\":{\"@id\":\"https:\\\/\\\/www.beirut.com\\\/ar\\\/#\\\/schema\\\/logo\\\/image\\\/\"},\"sameAs\":[\"https:\\\/\\\/www.facebook.com\\\/beirutcityguide\",\"https:\\\/\\\/x.com\\\/beirutcityguide\"]},{\"@type\":\"Person\",\"@id\":\"https:\\\/\\\/www.beirut.com\\\/ar\\\/#\\\/schema\\\/person\\\/97c22b1acf96bb062cb725fb93718ec7\",\"name\":\"Lama Hajj\",\"image\":{\"@type\":\"ImageObject\",\"inLanguage\":\"fr-FR\",\"@id\":\"https:\\\/\\\/secure.gravatar.com\\\/avatar\\\/67b10c42971f974a243c63fd7a0bca9223dece8ed2c04f9bbac90887efda1dd5?s=96&d=mm&r=g\",\"url\":\"https:\\\/\\\/secure.gravatar.com\\\/avatar\\\/67b10c42971f974a243c63fd7a0bca9223dece8ed2c04f9bbac90887efda1dd5?s=96&d=mm&r=g\",\"contentUrl\":\"https:\\\/\\\/secure.gravatar.com\\\/avatar\\\/67b10c42971f974a243c63fd7a0bca9223dece8ed2c04f9bbac90887efda1dd5?s=96&d=mm&r=g\",\"caption\":\"Lama Hajj\"},\"description\":\"Born and raised in Beirut, Lama is interested in food, alcohol, and history. She's an avid hater of camping. She started out as an enthusiastic writer for Beirut.com, writing about everything from food to culture - actually, just those two things. As of July 2015, Lama heads up the Beirut.com staff as Executive Editor.\",\"url\":\"https:\\\/\\\/www.beirut.com\\\/fr\\\/author\\\/lama_hajj\\\/\"}]}<\/script>\n<!-- \/ Yoast SEO Premium plugin. -->","yoast_head_json":{"title":"Chanteur libanais \u00e9pate lors des auditions \u00e0 l'aveugle de La Voix Canada &#187; Beirut.com","robots":{"index":"index","follow":"follow","max-snippet":"max-snippet:-1","max-image-preview":"max-image-preview:large","max-video-preview":"max-video-preview:-1"},"canonical":"https:\/\/www.beirut.com\/fr\/706954\/chanteur-libanais-epate-lors-des-auditions-a-laveugle-de-la-voix-canada\/","og_locale":"fr_FR","og_type":"article","og_title":"Chanteur libanais \u00e9pate lors des auditions \u00e0 l'aveugle de La Voix Canada","og_description":"Le mash-up de Fairuz et Jean-Francois Michael dont nous ignorions avoir besoin! La chanteuse libanaise de vingt-deux ans, Jana Salameh, a \u00e9bloui les juges lors de son audition \u00e0 l&#8217;aveugle \u00e0 La Voix Qu\u00e9bec, et nous a coup\u00e9 le souffle. La chanteuse bas\u00e9e \u00e0 Ottawa, qui a \u00e9t\u00e9 form\u00e9e au Conservatoire libanais et a appris [&hellip;]","og_url":"https:\/\/www.beirut.com\/fr\/706954\/chanteur-libanais-epate-lors-des-auditions-a-laveugle-de-la-voix-canada\/","og_site_name":"Beirut.com","article_publisher":"https:\/\/www.facebook.com\/beirutcityguide","article_published_time":"2024-01-30T09:47:40+00:00","article_modified_time":"2024-01-30T10:18:49+00:00","og_image":[{"width":1480,"height":700,"url":"https:\/\/www.beirut.com\/wp-content\/uploads\/2024\/01\/Screenshot-2024-01-30-at-11.26.25-AM.png","type":"image\/png"}],"author":"Lama Hajj","twitter_card":"summary_large_image","twitter_creator":"@beirutcityguide","twitter_site":"@beirutcityguide","twitter_misc":{"\u00c9crit par":"Lama Hajj","Dur\u00e9e de lecture estim\u00e9e":"1 minute"},"schema":{"@context":"https:\/\/schema.org","@graph":[{"@type":"Article","@id":"https:\/\/www.beirut.com\/fr\/706954\/chanteur-libanais-epate-lors-des-auditions-a-laveugle-de-la-voix-canada\/#article","isPartOf":{"@id":"https:\/\/www.beirut.com\/fr\/706954\/chanteur-libanais-epate-lors-des-auditions-a-laveugle-de-la-voix-canada\/"},"author":{"name":"Lama Hajj","@id":"https:\/\/www.beirut.com\/ar\/#\/schema\/person\/97c22b1acf96bb062cb725fb93718ec7"},"headline":"Chanteur libanais \u00e9pate lors des auditions \u00e0 l&#8217;aveugle de La Voix Canada","datePublished":"2024-01-30T09:47:40+00:00","dateModified":"2024-01-30T10:18:49+00:00","mainEntityOfPage":{"@id":"https:\/\/www.beirut.com\/fr\/706954\/chanteur-libanais-epate-lors-des-auditions-a-laveugle-de-la-voix-canada\/"},"wordCount":171,"publisher":{"@id":"https:\/\/www.beirut.com\/ar\/#organization"},"image":{"@id":"https:\/\/www.beirut.com\/fr\/706954\/chanteur-libanais-epate-lors-des-auditions-a-laveugle-de-la-voix-canada\/#primaryimage"},"thumbnailUrl":"https:\/\/www.beirut.com\/wp-content\/uploads\/2024\/01\/Screenshot-2024-01-30-at-11.26.25-AM.png","articleSection":["Stuff We Love"],"inLanguage":"fr-FR"},{"@type":"WebPage","@id":"https:\/\/www.beirut.com\/fr\/706954\/chanteur-libanais-epate-lors-des-auditions-a-laveugle-de-la-voix-canada\/","url":"https:\/\/www.beirut.com\/fr\/706954\/chanteur-libanais-epate-lors-des-auditions-a-laveugle-de-la-voix-canada\/","name":"Chanteur libanais \u00e9pate lors des auditions \u00e0 l'aveugle de La Voix Canada &#187; Beirut.com","isPartOf":{"@id":"https:\/\/www.beirut.com\/ar\/#website"},"primaryImageOfPage":{"@id":"https:\/\/www.beirut.com\/fr\/706954\/chanteur-libanais-epate-lors-des-auditions-a-laveugle-de-la-voix-canada\/#primaryimage"},"image":{"@id":"https:\/\/www.beirut.com\/fr\/706954\/chanteur-libanais-epate-lors-des-auditions-a-laveugle-de-la-voix-canada\/#primaryimage"},"thumbnailUrl":"https:\/\/www.beirut.com\/wp-content\/uploads\/2024\/01\/Screenshot-2024-01-30-at-11.26.25-AM.png","datePublished":"2024-01-30T09:47:40+00:00","dateModified":"2024-01-30T10:18:49+00:00","breadcrumb":{"@id":"https:\/\/www.beirut.com\/fr\/706954\/chanteur-libanais-epate-lors-des-auditions-a-laveugle-de-la-voix-canada\/#breadcrumb"},"inLanguage":"fr-FR","potentialAction":[{"@type":"ReadAction","target":["https:\/\/www.beirut.com\/fr\/706954\/chanteur-libanais-epate-lors-des-auditions-a-laveugle-de-la-voix-canada\/"]}]},{"@type":"ImageObject","inLanguage":"fr-FR","@id":"https:\/\/www.beirut.com\/fr\/706954\/chanteur-libanais-epate-lors-des-auditions-a-laveugle-de-la-voix-canada\/#primaryimage","url":"https:\/\/www.beirut.com\/wp-content\/uploads\/2024\/01\/Screenshot-2024-01-30-at-11.26.25-AM.png","contentUrl":"https:\/\/www.beirut.com\/wp-content\/uploads\/2024\/01\/Screenshot-2024-01-30-at-11.26.25-AM.png","width":1480,"height":700},{"@type":"BreadcrumbList","@id":"https:\/\/www.beirut.com\/fr\/706954\/chanteur-libanais-epate-lors-des-auditions-a-laveugle-de-la-voix-canada\/#breadcrumb","itemListElement":[{"@type":"ListItem","position":1,"name":"Home","item":"https:\/\/www.beirut.com\/ar\/"},{"@type":"ListItem","position":2,"name":"Chanteur libanais \u00e9pate lors des auditions \u00e0 l&#8217;aveugle de La Voix Canada"}]},{"@type":"WebSite","@id":"https:\/\/www.beirut.com\/ar\/#website","url":"https:\/\/www.beirut.com\/ar\/","name":"Beirut.com","description":"Beirut.com est votre guide de Liban, avec les meilleures adresses de gastronomie, culture, quartiers et nouveaut\u00e9s. D\u00e9couvrez o\u00f9 aller et tomber amoureux.","publisher":{"@id":"https:\/\/www.beirut.com\/ar\/#organization"},"potentialAction":[{"@type":"SearchAction","target":{"@type":"EntryPoint","urlTemplate":"https:\/\/www.beirut.com\/ar\/?s={search_term_string}"},"query-input":{"@type":"PropertyValueSpecification","valueRequired":true,"valueName":"search_term_string"}}],"inLanguage":"fr-FR"},{"@type":"Organization","@id":"https:\/\/www.beirut.com\/ar\/#organization","name":"Beirut.com, SA","url":"https:\/\/www.beirut.com\/ar\/","logo":{"@type":"ImageObject","inLanguage":"fr-FR","@id":"https:\/\/www.beirut.com\/ar\/#\/schema\/logo\/image\/","url":"https:\/\/www.beirut.com\/wp-content\/uploads\/2023\/04\/Beirut.com-Logo-scaled.jpg","contentUrl":"https:\/\/www.beirut.com\/wp-content\/uploads\/2023\/04\/Beirut.com-Logo-scaled.jpg","width":2560,"height":1044,"caption":"Beirut.com, SA"},"image":{"@id":"https:\/\/www.beirut.com\/ar\/#\/schema\/logo\/image\/"},"sameAs":["https:\/\/www.facebook.com\/beirutcityguide","https:\/\/x.com\/beirutcityguide"]},{"@type":"Person","@id":"https:\/\/www.beirut.com\/ar\/#\/schema\/person\/97c22b1acf96bb062cb725fb93718ec7","name":"Lama Hajj","image":{"@type":"ImageObject","inLanguage":"fr-FR","@id":"https:\/\/secure.gravatar.com\/avatar\/67b10c42971f974a243c63fd7a0bca9223dece8ed2c04f9bbac90887efda1dd5?s=96&d=mm&r=g","url":"https:\/\/secure.gravatar.com\/avatar\/67b10c42971f974a243c63fd7a0bca9223dece8ed2c04f9bbac90887efda1dd5?s=96&d=mm&r=g","contentUrl":"https:\/\/secure.gravatar.com\/avatar\/67b10c42971f974a243c63fd7a0bca9223dece8ed2c04f9bbac90887efda1dd5?s=96&d=mm&r=g","caption":"Lama Hajj"},"description":"Born and raised in Beirut, Lama is interested in food, alcohol, and history. She's an avid hater of camping. She started out as an enthusiastic writer for Beirut.com, writing about everything from food to culture - actually, just those two things. As of July 2015, Lama heads up the Beirut.com staff as Executive Editor.","url":"https:\/\/www.beirut.com\/fr\/author\/lama_hajj\/"}]}},"_links":{"self":[{"href":"https:\/\/www.beirut.com\/fr\/wp-json\/wp\/v2\/posts\/706954","targetHints":{"allow":["GET"]}}],"collection":[{"href":"https:\/\/www.beirut.com\/fr\/wp-json\/wp\/v2\/posts"}],"about":[{"href":"https:\/\/www.beirut.com\/fr\/wp-json\/wp\/v2\/types\/post"}],"author":[{"embeddable":true,"href":"https:\/\/www.beirut.com\/fr\/wp-json\/wp\/v2\/users\/102"}],"replies":[{"embeddable":true,"href":"https:\/\/www.beirut.com\/fr\/wp-json\/wp\/v2\/comments?post=706954"}],"version-history":[{"count":1,"href":"https:\/\/www.beirut.com\/fr\/wp-json\/wp\/v2\/posts\/706954\/revisions"}],"predecessor-version":[{"id":706955,"href":"https:\/\/www.beirut.com\/fr\/wp-json\/wp\/v2\/posts\/706954\/revisions\/706955"}],"wp:authorship":[{"embeddable":true,"href":"https:\/\/www.beirut.com\/fr\/wp-json\/wp\/v2\/users\/144"}],"wp:featuredmedia":[{"embeddable":true,"href":"https:\/\/www.beirut.com\/fr\/wp-json\/wp\/v2\/media\/706933"}],"wp:attachment":[{"href":"https:\/\/www.beirut.com\/fr\/wp-json\/wp\/v2\/media?parent=706954"}],"wp:term":[{"taxonomy":"post_tag","embeddable":true,"href":"https:\/\/www.beirut.com\/fr\/wp-json\/wp\/v2\/tags?post=706954"},{"taxonomy":"media-embed-type","embeddable":true,"href":"https:\/\/www.beirut.com\/fr\/wp-json\/wp\/v2\/media-embed-type?post=706954"}],"curies":[{"name":"wp","href":"https:\/\/api.w.org\/{rel}","templated":true}]}}