{"id":728904,"date":"2024-08-02T07:53:58","date_gmt":"2024-08-02T07:53:58","guid":{"rendered":"https:\/\/www.beirut.com\/?p=728904"},"modified":"2024-08-02T11:44:59","modified_gmt":"2024-08-02T11:44:59","slug":"mayyas-rend-hommage-au-sud-liban-dans-une-performance-emouvante","status":"publish","type":"post","link":"https:\/\/www.beirut.com\/fr\/728904\/mayyas-rend-hommage-au-sud-liban-dans-une-performance-emouvante\/","title":{"rendered":"Mayyas rend hommage au Sud-Liban dans une performance \u00e9mouvante"},"content":{"rendered":" <p>Le groupe de danse enti\u00e8rement f\u00e9minin <strong>Mayyas<\/strong> a \u00e9merveill\u00e9 la foule avec un hommage \u00e9mouvant au sud du Liban lors de leur performance hier soir, le 1er ao\u00fbt 2024, \u00e0 Beirut Waterfront.<\/p>    <p><\/p>    <p>Les gagnants de <a href=\"https:\/\/www.beirut.com\/en\/64155\/lebanese-dance-group-the-mayyas-wins-americas-got-talent\" target=\"_blank\" rel=\"noreferrer noopener\">America&#8217;s Got Talent Saison 17<\/a> ont insuffl\u00e9 de la vie sur la sc\u00e8ne. La chor\u00e9graphie de 80 minutes magnifiquement orchestr\u00e9e par Nadim Cherfan c\u00e9l\u00e9brait la culture et le patrimoine libanais. Contrairement \u00e0 leurs performances habituelles mythologiques et fantastiques, cette routine pr\u00e9sentait une repr\u00e9sentation \u00ab r\u00e9aliste \u00bb de la vie quotidienne des Libanais.<\/p>    <p><\/p>   <iframe title=\"Embedded Instagram Post\" allowtransparency=\"true\" allowfullscreen=\"true\" frameborder=\"0\" height=\"532\" data-src=\"https:\/\/www.instagram.com\/reel\/C-JGts8MlrU\/embed\/\" scrolling=\"no\" style=\"background: white; max-width: 540px; width: calc(100% - 2px); border-radius: 3px; border: 1px solid rgb(219, 219, 219); box-shadow: none; display: block; margin: 12px 0px 12px !important; min-width: 326px; padding: 0px;\"><\/iframe>   <p><\/p>    <p>Un segment de leur routine comportait un hommage au Sud-Liban. &#8216;Ana Al-Janoub&#8217; (Je suis le Sud) est apparu sur l&#8217;\u00e9cran vid\u00e9o de la sc\u00e8ne avec un nuage de fum\u00e9e et des braises volantes. Le spectacle de danse th\u00e9\u00e2tral a captiv\u00e9 la foule pendant qu&#8217;une danse interpr\u00e9tative se d\u00e9roulait aux c\u00f4t\u00e9s d&#8217;un dialogue entre deux danseurs, l&#8217;un repr\u00e9sentant Beyrouth et l&#8217;autre repr\u00e9sentant le Sud.<\/p>    <p><\/p>    <p>Litt\u00e9ralement traduit, la conversation comportait de belles lignes telles que : \u00ab wajhan li wajh maa el aada&#8217;, kay adfaa aanki al bala&#8217;, Beyrouth la takhda&#8217;ee, ina fouadouki ta7meeki el adloh \u00bb (face \u00e0 face avec nos ennemis pour te garder \u00e0 l&#8217;abri du mal, Beyrouth ne succombe pas, ton c\u0153ur est prot\u00e9g\u00e9 par des c\u00f4tes) se terminant par : \u00ab nahnou al hijar wa anti almaas \u00bb (nous sommes les pierres et tu es le diamant).<\/p>    <p><\/p>   <iframe title=\"Embedded Instagram Post\" allowtransparency=\"true\" allowfullscreen=\"true\" frameborder=\"0\" height=\"532\" data-src=\"https:\/\/www.instagram.com\/reel\/C-J_Khrtfif\/embed\/\" scrolling=\"no\" style=\"background: white; max-width: 540px; width: calc(100% - 2px); border-radius: 3px; border: 1px solid rgb(219, 219, 219); box-shadow: none; display: block; margin: 12px 0px 12px !important; min-width: 326px; padding: 0px;\"><\/iframe>   <p><\/p>    <p>La d\u00e9cision d&#8217;utiliser une voix singuli\u00e8re pour le dialogue et les m\u00eames costumes pour les danseurs souligne l&#8217;unit\u00e9 du pays. Cette d\u00e9cision cr\u00e9ative brillante a \u00e9lev\u00e9 la performance.<\/p>    <p><\/p>    <p>C&#8217;\u00e9tait la toute premi\u00e8re performance de Mayyas \u00e0 Beyrouth apr\u00e8s leur succ\u00e8s mondial. Nous sommes impatients de voir ce qu&#8217;ils nous r\u00e9servent encore ! Nous esp\u00e9rons voir davantage de leurs talents s&#8217;emparer des sc\u00e8nes r\u00e9gionales et internationales.<\/p>    <p><\/p>    <p>Si vous souhaitez assister \u00e0 de futures performances, assurez-vous de suivre leur <a href=\"https:\/\/www.instagram.com\/mayyasofficial\/\" target=\"_blank\" rel=\"noreferrer noopener\">Instagram<\/a>.<\/p>    <div style=\"height:50px\" aria-hidden=\"true\" class=\"wp-block-spacer\"><\/div>    <figure class=\"wp-block-embed is-type-wp-embed is-provider-beirut-com wp-block-embed-beirut-com\"><div class=\"wp-block-embed__wrapper\"> <blockquote class=\"wp-embedded-content\" data-secret=\"b3ILG85Hvb\"><a href=\"https:\/\/www.beirut.com\/en\/728403\/benjamin-hassan-scores-historic-win-for-lebanon-at-paris-olympics\">Benjamin Hassan Scores Historic Win for Lebanon at Paris Olympics<\/a><\/blockquote><iframe loading=\"lazy\" class=\"wp-embedded-content\" sandbox=\"allow-scripts\" security=\"restricted\" style=\"position: absolute; clip: rect(1px, 1px, 1px, 1px);\" title=\"&#8220;Benjamin Hassan Scores Historic Win for Lebanon at Paris Olympics&#8221; &#8212; Beirut.com\" src=\"https:\/\/www.beirut.com\/en\/728403\/benjamin-hassan-scores-historic-win-for-lebanon-at-paris-olympics\/embed#?secret=X33dSLidO2#?secret=b3ILG85Hvb\" data-secret=\"b3ILG85Hvb\" width=\"500\" height=\"282\" frameborder=\"0\" marginwidth=\"0\" marginheight=\"0\" scrolling=\"no\"><\/iframe> <\/div><\/figure> ","protected":false},"excerpt":{"rendered":"<p>Le groupe de danse enti\u00e8rement f\u00e9minin Mayyas a \u00e9merveill\u00e9 la foule avec un hommage \u00e9mouvant au sud du Liban lors de leur performance hier soir, le 1er ao\u00fbt 2024, \u00e0 Beirut Waterfront. Les gagnants de America&#8217;s Got Talent Saison 17 ont insuffl\u00e9 de la vie sur la sc\u00e8ne. La chor\u00e9graphie de 80 minutes magnifiquement orchestr\u00e9e [&hellip;]<\/p>\n","protected":false},"author":102,"featured_media":728804,"comment_status":"closed","ping_status":"closed","sticky":false,"template":"","format":"standard","meta":{"_preview_accessed":0,"footnotes":""},"tags":[],"media-embed-type":[],"class_list":["post-728904","post","type-post","status-publish","format-standard","has-post-thumbnail","hentry","category-le-blog"],"authorship":[56],"yoast_head":"<!-- This site is optimized with the Yoast SEO Premium plugin v27.3 (Yoast SEO v27.3) - https:\/\/yoast.com\/product\/yoast-seo-premium-wordpress\/ -->\n<title>Mayyas rend hommage au Sud-Liban dans une performance \u00e9mouvante &#187; Beirut.com<\/title>\n<meta name=\"description\" content=\"Le groupe de danse enti\u00e8rement f\u00e9minin Mayyas a \u00e9merveill\u00e9 la foule avec un hommage \u00e9mouvant au sud du Liban lors de leur performance hier soir, le 1er ao\u00fbt 2024, \u00e0 Beirut Waterfront.\" \/>\n<meta name=\"robots\" content=\"index, follow, max-snippet:-1, max-image-preview:large, max-video-preview:-1\" \/>\n<link rel=\"canonical\" href=\"https:\/\/www.beirut.com\/fr\/728904\/mayyas-rend-hommage-au-sud-liban-dans-une-performance-emouvante\/\" \/>\n<meta property=\"og:locale\" content=\"fr_FR\" \/>\n<meta property=\"og:type\" content=\"article\" \/>\n<meta property=\"og:title\" content=\"Mayyas rend hommage au Sud-Liban dans une performance \u00e9mouvante\" \/>\n<meta property=\"og:description\" content=\"Le groupe de danse enti\u00e8rement f\u00e9minin Mayyas a \u00e9merveill\u00e9 la foule avec un hommage \u00e9mouvant au sud du Liban lors de leur performance hier soir, le 1er ao\u00fbt 2024, \u00e0 Beirut Waterfront.\" \/>\n<meta property=\"og:url\" content=\"https:\/\/www.beirut.com\/fr\/728904\/mayyas-rend-hommage-au-sud-liban-dans-une-performance-emouvante\/\" \/>\n<meta property=\"og:site_name\" content=\"Beirut.com\" \/>\n<meta property=\"article:publisher\" content=\"https:\/\/www.facebook.com\/beirutcityguide\" \/>\n<meta property=\"article:published_time\" content=\"2024-08-02T07:53:58+00:00\" \/>\n<meta property=\"article:modified_time\" content=\"2024-08-02T11:44:59+00:00\" \/>\n<meta property=\"og:image\" content=\"https:\/\/www.beirut.com\/wp-content\/uploads\/2024\/08\/mayyas.jpg\" \/>\n\t<meta property=\"og:image:width\" content=\"1476\" \/>\n\t<meta property=\"og:image:height\" content=\"930\" \/>\n\t<meta property=\"og:image:type\" content=\"image\/jpeg\" \/>\n<meta name=\"author\" content=\"Lama Hajj\" \/>\n<meta name=\"twitter:card\" content=\"summary_large_image\" \/>\n<meta name=\"twitter:creator\" content=\"@beirutcityguide\" \/>\n<meta name=\"twitter:site\" content=\"@beirutcityguide\" \/>\n<meta name=\"twitter:label1\" content=\"\u00c9crit par\" \/>\n\t<meta name=\"twitter:data1\" content=\"Lama Hajj\" \/>\n\t<meta name=\"twitter:label2\" content=\"Dur\u00e9e de lecture estim\u00e9e\" \/>\n\t<meta name=\"twitter:data2\" content=\"2 minutes\" \/>\n<script type=\"application\/ld+json\" class=\"yoast-schema-graph\">{\"@context\":\"https:\\\/\\\/schema.org\",\"@graph\":[{\"@type\":\"Article\",\"@id\":\"https:\\\/\\\/www.beirut.com\\\/fr\\\/728904\\\/mayyas-rend-hommage-au-sud-liban-dans-une-performance-emouvante\\\/#article\",\"isPartOf\":{\"@id\":\"https:\\\/\\\/www.beirut.com\\\/fr\\\/728904\\\/mayyas-rend-hommage-au-sud-liban-dans-une-performance-emouvante\\\/\"},\"author\":{\"name\":\"Lama Hajj\",\"@id\":\"https:\\\/\\\/www.beirut.com\\\/ar\\\/#\\\/schema\\\/person\\\/97c22b1acf96bb062cb725fb93718ec7\"},\"headline\":\"Mayyas rend hommage au Sud-Liban dans une performance \u00e9mouvante\",\"datePublished\":\"2024-08-02T07:53:58+00:00\",\"dateModified\":\"2024-08-02T11:44:59+00:00\",\"mainEntityOfPage\":{\"@id\":\"https:\\\/\\\/www.beirut.com\\\/fr\\\/728904\\\/mayyas-rend-hommage-au-sud-liban-dans-une-performance-emouvante\\\/\"},\"wordCount\":353,\"publisher\":{\"@id\":\"https:\\\/\\\/www.beirut.com\\\/ar\\\/#organization\"},\"image\":{\"@id\":\"https:\\\/\\\/www.beirut.com\\\/fr\\\/728904\\\/mayyas-rend-hommage-au-sud-liban-dans-une-performance-emouvante\\\/#primaryimage\"},\"thumbnailUrl\":\"https:\\\/\\\/www.beirut.com\\\/wp-content\\\/uploads\\\/2024\\\/08\\\/mayyas.jpg\",\"articleSection\":[\"Blog\"],\"inLanguage\":\"fr-FR\"},{\"@type\":\"WebPage\",\"@id\":\"https:\\\/\\\/www.beirut.com\\\/fr\\\/728904\\\/mayyas-rend-hommage-au-sud-liban-dans-une-performance-emouvante\\\/\",\"url\":\"https:\\\/\\\/www.beirut.com\\\/fr\\\/728904\\\/mayyas-rend-hommage-au-sud-liban-dans-une-performance-emouvante\\\/\",\"name\":\"Mayyas rend hommage au Sud-Liban dans une performance \u00e9mouvante &#187; Beirut.com\",\"isPartOf\":{\"@id\":\"https:\\\/\\\/www.beirut.com\\\/ar\\\/#website\"},\"primaryImageOfPage\":{\"@id\":\"https:\\\/\\\/www.beirut.com\\\/fr\\\/728904\\\/mayyas-rend-hommage-au-sud-liban-dans-une-performance-emouvante\\\/#primaryimage\"},\"image\":{\"@id\":\"https:\\\/\\\/www.beirut.com\\\/fr\\\/728904\\\/mayyas-rend-hommage-au-sud-liban-dans-une-performance-emouvante\\\/#primaryimage\"},\"thumbnailUrl\":\"https:\\\/\\\/www.beirut.com\\\/wp-content\\\/uploads\\\/2024\\\/08\\\/mayyas.jpg\",\"datePublished\":\"2024-08-02T07:53:58+00:00\",\"dateModified\":\"2024-08-02T11:44:59+00:00\",\"description\":\"Le groupe de danse enti\u00e8rement f\u00e9minin Mayyas a \u00e9merveill\u00e9 la foule avec un hommage \u00e9mouvant au sud du Liban lors de leur performance hier soir, le 1er ao\u00fbt 2024, \u00e0 Beirut Waterfront.\",\"breadcrumb\":{\"@id\":\"https:\\\/\\\/www.beirut.com\\\/fr\\\/728904\\\/mayyas-rend-hommage-au-sud-liban-dans-une-performance-emouvante\\\/#breadcrumb\"},\"inLanguage\":\"fr-FR\",\"potentialAction\":[{\"@type\":\"ReadAction\",\"target\":[\"https:\\\/\\\/www.beirut.com\\\/fr\\\/728904\\\/mayyas-rend-hommage-au-sud-liban-dans-une-performance-emouvante\\\/\"]}]},{\"@type\":\"ImageObject\",\"inLanguage\":\"fr-FR\",\"@id\":\"https:\\\/\\\/www.beirut.com\\\/fr\\\/728904\\\/mayyas-rend-hommage-au-sud-liban-dans-une-performance-emouvante\\\/#primaryimage\",\"url\":\"https:\\\/\\\/www.beirut.com\\\/wp-content\\\/uploads\\\/2024\\\/08\\\/mayyas.jpg\",\"contentUrl\":\"https:\\\/\\\/www.beirut.com\\\/wp-content\\\/uploads\\\/2024\\\/08\\\/mayyas.jpg\",\"width\":1476,\"height\":930,\"caption\":\"Mayyas Pays Tribute to South Lebanon in Touching Performance\"},{\"@type\":\"BreadcrumbList\",\"@id\":\"https:\\\/\\\/www.beirut.com\\\/fr\\\/728904\\\/mayyas-rend-hommage-au-sud-liban-dans-une-performance-emouvante\\\/#breadcrumb\",\"itemListElement\":[{\"@type\":\"ListItem\",\"position\":1,\"name\":\"Home\",\"item\":\"https:\\\/\\\/www.beirut.com\\\/ar\\\/\"},{\"@type\":\"ListItem\",\"position\":2,\"name\":\"Mayyas rend hommage au Sud-Liban dans une performance \u00e9mouvante\"}]},{\"@type\":\"WebSite\",\"@id\":\"https:\\\/\\\/www.beirut.com\\\/ar\\\/#website\",\"url\":\"https:\\\/\\\/www.beirut.com\\\/ar\\\/\",\"name\":\"Beirut.com\",\"description\":\"Beirut.com est votre guide de Liban, avec les meilleures adresses de gastronomie, culture, quartiers et nouveaut\u00e9s. D\u00e9couvrez o\u00f9 aller et tomber amoureux.\",\"publisher\":{\"@id\":\"https:\\\/\\\/www.beirut.com\\\/ar\\\/#organization\"},\"potentialAction\":[{\"@type\":\"SearchAction\",\"target\":{\"@type\":\"EntryPoint\",\"urlTemplate\":\"https:\\\/\\\/www.beirut.com\\\/ar\\\/?s={search_term_string}\"},\"query-input\":{\"@type\":\"PropertyValueSpecification\",\"valueRequired\":true,\"valueName\":\"search_term_string\"}}],\"inLanguage\":\"fr-FR\"},{\"@type\":\"Organization\",\"@id\":\"https:\\\/\\\/www.beirut.com\\\/ar\\\/#organization\",\"name\":\"Beirut.com, SA\",\"url\":\"https:\\\/\\\/www.beirut.com\\\/ar\\\/\",\"logo\":{\"@type\":\"ImageObject\",\"inLanguage\":\"fr-FR\",\"@id\":\"https:\\\/\\\/www.beirut.com\\\/ar\\\/#\\\/schema\\\/logo\\\/image\\\/\",\"url\":\"https:\\\/\\\/www.beirut.com\\\/wp-content\\\/uploads\\\/2023\\\/04\\\/Beirut.com-Logo-scaled.jpg\",\"contentUrl\":\"https:\\\/\\\/www.beirut.com\\\/wp-content\\\/uploads\\\/2023\\\/04\\\/Beirut.com-Logo-scaled.jpg\",\"width\":2560,\"height\":1044,\"caption\":\"Beirut.com, SA\"},\"image\":{\"@id\":\"https:\\\/\\\/www.beirut.com\\\/ar\\\/#\\\/schema\\\/logo\\\/image\\\/\"},\"sameAs\":[\"https:\\\/\\\/www.facebook.com\\\/beirutcityguide\",\"https:\\\/\\\/x.com\\\/beirutcityguide\"]},{\"@type\":\"Person\",\"@id\":\"https:\\\/\\\/www.beirut.com\\\/ar\\\/#\\\/schema\\\/person\\\/97c22b1acf96bb062cb725fb93718ec7\",\"name\":\"Lama Hajj\",\"image\":{\"@type\":\"ImageObject\",\"inLanguage\":\"fr-FR\",\"@id\":\"https:\\\/\\\/secure.gravatar.com\\\/avatar\\\/67b10c42971f974a243c63fd7a0bca9223dece8ed2c04f9bbac90887efda1dd5?s=96&d=mm&r=g\",\"url\":\"https:\\\/\\\/secure.gravatar.com\\\/avatar\\\/67b10c42971f974a243c63fd7a0bca9223dece8ed2c04f9bbac90887efda1dd5?s=96&d=mm&r=g\",\"contentUrl\":\"https:\\\/\\\/secure.gravatar.com\\\/avatar\\\/67b10c42971f974a243c63fd7a0bca9223dece8ed2c04f9bbac90887efda1dd5?s=96&d=mm&r=g\",\"caption\":\"Lama Hajj\"},\"description\":\"Born and raised in Beirut, Lama is interested in food, alcohol, and history. She's an avid hater of camping. She started out as an enthusiastic writer for Beirut.com, writing about everything from food to culture - actually, just those two things. As of July 2015, Lama heads up the Beirut.com staff as Executive Editor.\",\"url\":\"https:\\\/\\\/www.beirut.com\\\/fr\\\/author\\\/lama_hajj\\\/\"}]}<\/script>\n<!-- \/ Yoast SEO Premium plugin. -->","yoast_head_json":{"title":"Mayyas rend hommage au Sud-Liban dans une performance \u00e9mouvante &#187; Beirut.com","description":"Le groupe de danse enti\u00e8rement f\u00e9minin Mayyas a \u00e9merveill\u00e9 la foule avec un hommage \u00e9mouvant au sud du Liban lors de leur performance hier soir, le 1er ao\u00fbt 2024, \u00e0 Beirut Waterfront.","robots":{"index":"index","follow":"follow","max-snippet":"max-snippet:-1","max-image-preview":"max-image-preview:large","max-video-preview":"max-video-preview:-1"},"canonical":"https:\/\/www.beirut.com\/fr\/728904\/mayyas-rend-hommage-au-sud-liban-dans-une-performance-emouvante\/","og_locale":"fr_FR","og_type":"article","og_title":"Mayyas rend hommage au Sud-Liban dans une performance \u00e9mouvante","og_description":"Le groupe de danse enti\u00e8rement f\u00e9minin Mayyas a \u00e9merveill\u00e9 la foule avec un hommage \u00e9mouvant au sud du Liban lors de leur performance hier soir, le 1er ao\u00fbt 2024, \u00e0 Beirut Waterfront.","og_url":"https:\/\/www.beirut.com\/fr\/728904\/mayyas-rend-hommage-au-sud-liban-dans-une-performance-emouvante\/","og_site_name":"Beirut.com","article_publisher":"https:\/\/www.facebook.com\/beirutcityguide","article_published_time":"2024-08-02T07:53:58+00:00","article_modified_time":"2024-08-02T11:44:59+00:00","og_image":[{"width":1476,"height":930,"url":"https:\/\/www.beirut.com\/wp-content\/uploads\/2024\/08\/mayyas.jpg","type":"image\/jpeg"}],"author":"Lama Hajj","twitter_card":"summary_large_image","twitter_creator":"@beirutcityguide","twitter_site":"@beirutcityguide","twitter_misc":{"\u00c9crit par":"Lama Hajj","Dur\u00e9e de lecture estim\u00e9e":"2 minutes"},"schema":{"@context":"https:\/\/schema.org","@graph":[{"@type":"Article","@id":"https:\/\/www.beirut.com\/fr\/728904\/mayyas-rend-hommage-au-sud-liban-dans-une-performance-emouvante\/#article","isPartOf":{"@id":"https:\/\/www.beirut.com\/fr\/728904\/mayyas-rend-hommage-au-sud-liban-dans-une-performance-emouvante\/"},"author":{"name":"Lama Hajj","@id":"https:\/\/www.beirut.com\/ar\/#\/schema\/person\/97c22b1acf96bb062cb725fb93718ec7"},"headline":"Mayyas rend hommage au Sud-Liban dans une performance \u00e9mouvante","datePublished":"2024-08-02T07:53:58+00:00","dateModified":"2024-08-02T11:44:59+00:00","mainEntityOfPage":{"@id":"https:\/\/www.beirut.com\/fr\/728904\/mayyas-rend-hommage-au-sud-liban-dans-une-performance-emouvante\/"},"wordCount":353,"publisher":{"@id":"https:\/\/www.beirut.com\/ar\/#organization"},"image":{"@id":"https:\/\/www.beirut.com\/fr\/728904\/mayyas-rend-hommage-au-sud-liban-dans-une-performance-emouvante\/#primaryimage"},"thumbnailUrl":"https:\/\/www.beirut.com\/wp-content\/uploads\/2024\/08\/mayyas.jpg","articleSection":["Blog"],"inLanguage":"fr-FR"},{"@type":"WebPage","@id":"https:\/\/www.beirut.com\/fr\/728904\/mayyas-rend-hommage-au-sud-liban-dans-une-performance-emouvante\/","url":"https:\/\/www.beirut.com\/fr\/728904\/mayyas-rend-hommage-au-sud-liban-dans-une-performance-emouvante\/","name":"Mayyas rend hommage au Sud-Liban dans une performance \u00e9mouvante &#187; Beirut.com","isPartOf":{"@id":"https:\/\/www.beirut.com\/ar\/#website"},"primaryImageOfPage":{"@id":"https:\/\/www.beirut.com\/fr\/728904\/mayyas-rend-hommage-au-sud-liban-dans-une-performance-emouvante\/#primaryimage"},"image":{"@id":"https:\/\/www.beirut.com\/fr\/728904\/mayyas-rend-hommage-au-sud-liban-dans-une-performance-emouvante\/#primaryimage"},"thumbnailUrl":"https:\/\/www.beirut.com\/wp-content\/uploads\/2024\/08\/mayyas.jpg","datePublished":"2024-08-02T07:53:58+00:00","dateModified":"2024-08-02T11:44:59+00:00","description":"Le groupe de danse enti\u00e8rement f\u00e9minin Mayyas a \u00e9merveill\u00e9 la foule avec un hommage \u00e9mouvant au sud du Liban lors de leur performance hier soir, le 1er ao\u00fbt 2024, \u00e0 Beirut Waterfront.","breadcrumb":{"@id":"https:\/\/www.beirut.com\/fr\/728904\/mayyas-rend-hommage-au-sud-liban-dans-une-performance-emouvante\/#breadcrumb"},"inLanguage":"fr-FR","potentialAction":[{"@type":"ReadAction","target":["https:\/\/www.beirut.com\/fr\/728904\/mayyas-rend-hommage-au-sud-liban-dans-une-performance-emouvante\/"]}]},{"@type":"ImageObject","inLanguage":"fr-FR","@id":"https:\/\/www.beirut.com\/fr\/728904\/mayyas-rend-hommage-au-sud-liban-dans-une-performance-emouvante\/#primaryimage","url":"https:\/\/www.beirut.com\/wp-content\/uploads\/2024\/08\/mayyas.jpg","contentUrl":"https:\/\/www.beirut.com\/wp-content\/uploads\/2024\/08\/mayyas.jpg","width":1476,"height":930,"caption":"Mayyas Pays Tribute to South Lebanon in Touching Performance"},{"@type":"BreadcrumbList","@id":"https:\/\/www.beirut.com\/fr\/728904\/mayyas-rend-hommage-au-sud-liban-dans-une-performance-emouvante\/#breadcrumb","itemListElement":[{"@type":"ListItem","position":1,"name":"Home","item":"https:\/\/www.beirut.com\/ar\/"},{"@type":"ListItem","position":2,"name":"Mayyas rend hommage au Sud-Liban dans une performance \u00e9mouvante"}]},{"@type":"WebSite","@id":"https:\/\/www.beirut.com\/ar\/#website","url":"https:\/\/www.beirut.com\/ar\/","name":"Beirut.com","description":"Beirut.com est votre guide de Liban, avec les meilleures adresses de gastronomie, culture, quartiers et nouveaut\u00e9s. D\u00e9couvrez o\u00f9 aller et tomber amoureux.","publisher":{"@id":"https:\/\/www.beirut.com\/ar\/#organization"},"potentialAction":[{"@type":"SearchAction","target":{"@type":"EntryPoint","urlTemplate":"https:\/\/www.beirut.com\/ar\/?s={search_term_string}"},"query-input":{"@type":"PropertyValueSpecification","valueRequired":true,"valueName":"search_term_string"}}],"inLanguage":"fr-FR"},{"@type":"Organization","@id":"https:\/\/www.beirut.com\/ar\/#organization","name":"Beirut.com, SA","url":"https:\/\/www.beirut.com\/ar\/","logo":{"@type":"ImageObject","inLanguage":"fr-FR","@id":"https:\/\/www.beirut.com\/ar\/#\/schema\/logo\/image\/","url":"https:\/\/www.beirut.com\/wp-content\/uploads\/2023\/04\/Beirut.com-Logo-scaled.jpg","contentUrl":"https:\/\/www.beirut.com\/wp-content\/uploads\/2023\/04\/Beirut.com-Logo-scaled.jpg","width":2560,"height":1044,"caption":"Beirut.com, SA"},"image":{"@id":"https:\/\/www.beirut.com\/ar\/#\/schema\/logo\/image\/"},"sameAs":["https:\/\/www.facebook.com\/beirutcityguide","https:\/\/x.com\/beirutcityguide"]},{"@type":"Person","@id":"https:\/\/www.beirut.com\/ar\/#\/schema\/person\/97c22b1acf96bb062cb725fb93718ec7","name":"Lama Hajj","image":{"@type":"ImageObject","inLanguage":"fr-FR","@id":"https:\/\/secure.gravatar.com\/avatar\/67b10c42971f974a243c63fd7a0bca9223dece8ed2c04f9bbac90887efda1dd5?s=96&d=mm&r=g","url":"https:\/\/secure.gravatar.com\/avatar\/67b10c42971f974a243c63fd7a0bca9223dece8ed2c04f9bbac90887efda1dd5?s=96&d=mm&r=g","contentUrl":"https:\/\/secure.gravatar.com\/avatar\/67b10c42971f974a243c63fd7a0bca9223dece8ed2c04f9bbac90887efda1dd5?s=96&d=mm&r=g","caption":"Lama Hajj"},"description":"Born and raised in Beirut, Lama is interested in food, alcohol, and history. She's an avid hater of camping. She started out as an enthusiastic writer for Beirut.com, writing about everything from food to culture - actually, just those two things. As of July 2015, Lama heads up the Beirut.com staff as Executive Editor.","url":"https:\/\/www.beirut.com\/fr\/author\/lama_hajj\/"}]}},"_links":{"self":[{"href":"https:\/\/www.beirut.com\/fr\/wp-json\/wp\/v2\/posts\/728904","targetHints":{"allow":["GET"]}}],"collection":[{"href":"https:\/\/www.beirut.com\/fr\/wp-json\/wp\/v2\/posts"}],"about":[{"href":"https:\/\/www.beirut.com\/fr\/wp-json\/wp\/v2\/types\/post"}],"author":[{"embeddable":true,"href":"https:\/\/www.beirut.com\/fr\/wp-json\/wp\/v2\/users\/102"}],"replies":[{"embeddable":true,"href":"https:\/\/www.beirut.com\/fr\/wp-json\/wp\/v2\/comments?post=728904"}],"version-history":[{"count":1,"href":"https:\/\/www.beirut.com\/fr\/wp-json\/wp\/v2\/posts\/728904\/revisions"}],"predecessor-version":[{"id":728905,"href":"https:\/\/www.beirut.com\/fr\/wp-json\/wp\/v2\/posts\/728904\/revisions\/728905"}],"wp:authorship":[{"embeddable":true,"href":"https:\/\/www.beirut.com\/fr\/wp-json\/wp\/v2\/users\/56"}],"wp:featuredmedia":[{"embeddable":true,"href":"https:\/\/www.beirut.com\/fr\/wp-json\/wp\/v2\/media\/728804"}],"wp:attachment":[{"href":"https:\/\/www.beirut.com\/fr\/wp-json\/wp\/v2\/media?parent=728904"}],"wp:term":[{"taxonomy":"post_tag","embeddable":true,"href":"https:\/\/www.beirut.com\/fr\/wp-json\/wp\/v2\/tags?post=728904"},{"taxonomy":"media-embed-type","embeddable":true,"href":"https:\/\/www.beirut.com\/fr\/wp-json\/wp\/v2\/media-embed-type?post=728904"}],"curies":[{"name":"wp","href":"https:\/\/api.w.org\/{rel}","templated":true}]}}