{"id":743063,"date":"2025-02-03T08:55:02","date_gmt":"2025-02-03T08:55:02","guid":{"rendered":"https:\/\/www.beirut.com\/?p=743063"},"modified":"2025-02-04T07:50:53","modified_gmt":"2025-02-04T07:50:53","slug":"reperes-des-createurs-libanais-sur-le-tapis-des-grammy-awards-2025","status":"publish","type":"post","link":"https:\/\/www.beirut.com\/fr\/743063\/reperes-des-createurs-libanais-sur-le-tapis-des-grammy-awards-2025\/","title":{"rendered":"Rep\u00e9r\u00e9s : des cr\u00e9ateurs libanais sur le tapis des Grammy Awards 2025"},"content":{"rendered":" <p>Apr\u00e8s que les designers libanais ont attir\u00e9 l&#8217;attention lors des <a href=\"https:\/\/www.beirut.com\/en\/741932\/lebanese-designers-turn-heads-at-the-2025-joy-awards\/\" target=\"_blank\" rel=\"noreferrer noopener\">Joy Awards 2025<\/a>, ils ont fait une autre d\u00e9claration \u00e9blouissante lors du tapis rouge et du gala des Grammys. Quelle tenue pr\u00e9f\u00e9rez-vous\u00a0?<\/p>    <div style=\"height:50px\" aria-hidden=\"true\" class=\"wp-block-spacer\"><\/div>    <h3 class=\"wp-block-heading\" id=\"h-1-madison-beer-in-tony-ward\">1. Madison Beer en <a href=\"https:\/\/tonyward.net\/en\/?utm_source=google&amp;utm_medium=paid_google&amp;gad_source=1&amp;gbraid=0AAAAADqIqCrhdH8fDF1zzHWpVukcYZMQ8&amp;gclid=CjwKCAiA74G9BhAEEiwA8kNfpe6ffaDtkjEXNw3WOQmzjiP9R3yRrZkxGkqD9QHME_G9_sI6OQ4lJRoCfrMQAvD_BwE\" target=\"_blank\" rel=\"noreferrer noopener\">Tony Ward<\/a><\/h3>    <p><\/p>   <iframe title=\"Embedded Instagram Post\" allowtransparency=\"true\" allowfullscreen=\"true\" frameborder=\"0\" height=\"532\" data-src=\"https:\/\/www.instagram.com\/p\/DFlipo-TOym\/embed\/\" scrolling=\"no\" style=\"background: white; max-width: 540px; width: calc(100% - 2px); border-radius: 3px; border: 1px solid rgb(219, 219, 219); box-shadow: none; display: block; margin: 12px 0px 12px !important; min-width: 326px; padding: 0px;\"><\/iframe>   <p><\/p>    <p>Madison Beer a \u00e9bloui \u00e0 la f\u00eate pr\u00e9-Grammys dans une magnifique robe blanche \u00e0 dos nu avec un d\u00e9collet\u00e9 plongeant en trou de serrure et une jupe fluide et \u00e9th\u00e9r\u00e9e.\u00a0<\/p>    <div style=\"height:50px\" aria-hidden=\"true\" class=\"wp-block-spacer\"><\/div>    <h3 class=\"wp-block-heading\" id=\"h-2-chrissy-teigen-in-tony-ward\">2. Chrissy Teigen en <a href=\"https:\/\/tonyward.net\/en\/?utm_source=google&amp;utm_medium=paid_google&amp;gad_source=1&amp;gbraid=0AAAAADqIqCrhdH8fDF1zzHWpVukcYZMQ8&amp;gclid=CjwKCAiA74G9BhAEEiwA8kNfpe6ffaDtkjEXNw3WOQmzjiP9R3yRrZkxGkqD9QHME_G9_sI6OQ4lJRoCfrMQAvD_BwE\" target=\"_blank\" rel=\"noreferrer noopener\">Tony Ward<\/a><\/h3>    <p><\/p>   <iframe title=\"Embedded Instagram Post\" allowtransparency=\"true\" allowfullscreen=\"true\" frameborder=\"0\" height=\"532\" data-src=\"https:\/\/www.instagram.com\/p\/DFmJFzpMRn5\/embed\/\" scrolling=\"no\" style=\"background: white; max-width: 540px; width: calc(100% - 2px); border-radius: 3px; border: 1px solid rgb(219, 219, 219); box-shadow: none; display: block; margin: 12px 0px 12px !important; min-width: 326px; padding: 0px;\"><\/iframe>   <p><\/p>    <p>Chrissy Teigen \u00e9tait rayonnante dans une combinaison argent\u00e9e \u00e9tincelante orn\u00e9e de d\u00e9corations complexes, avec une d\u00e9coupe g\u00e9om\u00e9trique saisissante au niveau du corsage, et une cape transparente jusqu&#8217;au sol.<\/p>    <div style=\"height:50px\" aria-hidden=\"true\" class=\"wp-block-spacer\"><\/div>    <h3 class=\"wp-block-heading\" id=\"h-3-heidi-klum-in-nicolas-jebran\">3. Heidi Klum en <a href=\"https:\/\/www.nicolasjebran.com\" target=\"_blank\" rel=\"noreferrer noopener\">Nicolas Jebran<\/a><\/h3>    <p><\/p>   <iframe title=\"Embedded Instagram Post\" allowtransparency=\"true\" allowfullscreen=\"true\" frameborder=\"0\" height=\"532\" data-src=\"https:\/\/www.instagram.com\/reel\/DFmYQ9DoPdt\/embed\/\" scrolling=\"no\" style=\"background: white; max-width: 540px; width: calc(100% - 2px); border-radius: 3px; border: 1px solid rgb(219, 219, 219); box-shadow: none; display: block; margin: 12px 0px 12px !important; min-width: 326px; padding: 0px;\"><\/iframe>   <p><\/p>    <p>Heidi Klum est apparue dans une cr\u00e9ation \u00e9tonnante, moulante, de couleur beige argent\u00e9 orn\u00e9e de broderies complexes et de d\u00e9corations scintillantes.<\/p>    <div style=\"height:50px\" aria-hidden=\"true\" class=\"wp-block-spacer\"><\/div>    <p class=\"has-background\" style=\"background:linear-gradient(135deg,rgb(255,245,203) 0%,rgb(182,227,212) 100%,rgb(51,167,181) 100%)\"><strong>Avez-vous aim\u00e9 les cr\u00e9ations de ces designers libanais pour les Grammys 2025 ? Assurez-vous de consulter la section <a href=\"https:\/\/www.beirut.com\/en\/tag\/lebanese-designers\/\" target=\"_blank\" rel=\"noreferrer noopener\">#Designers libanais<\/a> sur notre site web.<\/strong><\/p>    <div style=\"height:50px\" aria-hidden=\"true\" class=\"wp-block-spacer\"><\/div>         <div style=\"width: 100%;\" class=\"mobile products-container-two-product swiper\">   <div class=\"swiper-wrapper\">        <a class=\"swiper-slide\" href=\"https:\/\/www.beirut.com\/fr\/product\/the-beirut-hoodie-arabic\/\" aria-label=\"The \u0628\u064a\u0631\u0648\u062a Hoodie\" style=\"min-width: 66% !important;height:auto !important;\">      <div style=\"min-width: 90% !important;\" class=\"single-product-two-product\">       <div class=\"product-image-two-product lazy-load\" data-src=\"https:\/\/www.beirut.com\/wp-content\/uploads\/2024\/02\/IMG_7206-450x600.jpg\">       <\/div>       <div class=\"product-content-two-product\">        <h2 style=\"height: 45px;\">The \u0628\u064a\u0631\u0648\u062a Hoodie<\/h2>        <p>Fleece hoodie with a zipper, embroidered with the Arabic Beirut.com logo on the left. <\/p>        <div class=\"price-container-two-product\">         Starting At <span class=\"woocommerce-Price-amount amount\"><bdi><span class=\"woocommerce-Price-currencySymbol\">&#36;<\/span>29<\/bdi><\/span>       <\/div>       <\/div>      <\/div>     <\/a>         <a class=\"swiper-slide\" href=\"https:\/\/www.beirut.com\/fr\/product\/the-beirut-hoodie\/\" aria-label=\"The Beirut Hoodie - English\" style=\"min-width: 66% !important;height:auto !important;\">      <div style=\"min-width: 90% !important;\" class=\"single-product-two-product\">       <div class=\"product-image-two-product lazy-load\" data-src=\"https:\/\/www.beirut.com\/wp-content\/uploads\/2024\/02\/IMG_7217-450x600.jpg\">       <\/div>       <div class=\"product-content-two-product\">        <h2 style=\"height: 45px;\">The Beirut Hoodie &#8211; English<\/h2>        <p>Fleece hoodie with a zipper, embroidered with the English Beirut.com logo on the left. <\/p>        <div class=\"price-container-two-product\">         Starting At <span class=\"woocommerce-Price-amount amount\"><bdi><span class=\"woocommerce-Price-currencySymbol\">&#36;<\/span>29<\/bdi><\/span>       <\/div>       <\/div>      <\/div>     <\/a>       <\/div>   <div class=\"swiper-pagination\"><\/div>   <div class=\"swiper-button-prev\"><\/div>   <div class=\"swiper-button-next\"><\/div>  <\/div>   <div style=\"width: 100%;\" class=\"desktop products-container-two-product\">      <a style=\"min-width: calc(25% - 1.5rem); width:calc(25% - 1.5rem);\" href=\"https:\/\/www.beirut.com\/fr\/product\/the-beirut-hoodie-arabic\/\" aria-label=\"The \u0628\u064a\u0631\u0648\u062a Hoodie\">     <div style=\"min-width: 100% !important;\" class=\"single-product-two-product\">      <div class=\"product-image-two-product lazy-load\" data-src=\"https:\/\/www.beirut.com\/wp-content\/uploads\/2024\/02\/IMG_7206-450x600.jpg\">      <\/div>      <div class=\"product-content-two-product\">       <h2>The \u0628\u064a\u0631\u0648\u062a Hoodie<\/h2>       <p>Fleece hoodie with a zipper, embroidered with the Arabic Beirut.com logo on the left. <\/p>       <div class=\"price-container-two-product\">        Starting At <span class=\"woocommerce-Price-amount amount\"><bdi><span class=\"woocommerce-Price-currencySymbol\">&#36;<\/span>29<\/bdi><\/span>      <\/div>      <\/div>     <\/div>    <\/a>       <a style=\"min-width: calc(25% - 1.5rem); width:calc(25% - 1.5rem);\" href=\"https:\/\/www.beirut.com\/fr\/product\/the-beirut-hoodie\/\" aria-label=\"The Beirut Hoodie - English\">     <div style=\"min-width: 100% !important;\" class=\"single-product-two-product\">      <div class=\"product-image-two-product lazy-load\" data-src=\"https:\/\/www.beirut.com\/wp-content\/uploads\/2024\/02\/IMG_7217-450x600.jpg\">      <\/div>      <div class=\"product-content-two-product\">       <h2>The Beirut Hoodie &#8211; English<\/h2>       <p>Fleece hoodie with a zipper, embroidered with the English Beirut.com logo on the left. <\/p>       <div class=\"price-container-two-product\">        Starting At <span class=\"woocommerce-Price-amount amount\"><bdi><span class=\"woocommerce-Price-currencySymbol\">&#36;<\/span>29<\/bdi><\/span>      <\/div>      <\/div>     <\/div>    <\/a>       <\/div>   ","protected":false},"excerpt":{"rendered":"<p>Apr\u00e8s que les designers libanais ont attir\u00e9 l&#8217;attention lors des Joy Awards 2025, ils ont fait une autre d\u00e9claration \u00e9blouissante lors du tapis rouge et du gala des Grammys. Quelle tenue pr\u00e9f\u00e9rez-vous\u00a0? 1. Madison Beer en Tony Ward Madison Beer a \u00e9bloui \u00e0 la f\u00eate pr\u00e9-Grammys dans une magnifique robe blanche \u00e0 dos nu avec [&hellip;]<\/p>\n","protected":false},"author":102,"featured_media":743001,"comment_status":"closed","ping_status":"closed","sticky":false,"template":"","format":"standard","meta":{"_preview_accessed":0,"footnotes":""},"tags":[],"media-embed-type":[],"class_list":["post-743063","post","type-post","status-publish","format-standard","has-post-thumbnail","hentry","category-on-adore"],"authorship":[87],"yoast_head":"<!-- This site is optimized with the Yoast SEO Premium plugin v27.3 (Yoast SEO v27.3) - https:\/\/yoast.com\/product\/yoast-seo-premium-wordpress\/ -->\n<title>Rep\u00e9r\u00e9s : des cr\u00e9ateurs libanais sur le tapis des Grammy Awards 2025 &#187; Beirut.com<\/title>\n<meta name=\"description\" content=\"Apr\u00e8s que les designers libanais ont attir\u00e9 l&#039;attention lors des Joy Awards 2025, ils ont fait une autre d\u00e9claration \u00e9blouissante lors du tapis rouge et du gala des Grammys.\" \/>\n<meta name=\"robots\" content=\"index, follow, max-snippet:-1, max-image-preview:large, max-video-preview:-1\" \/>\n<link rel=\"canonical\" href=\"https:\/\/www.beirut.com\/fr\/743063\/reperes-des-createurs-libanais-sur-le-tapis-des-grammy-awards-2025\/\" \/>\n<meta property=\"og:locale\" content=\"fr_FR\" \/>\n<meta property=\"og:type\" content=\"article\" \/>\n<meta property=\"og:title\" content=\"Rep\u00e9r\u00e9s : des cr\u00e9ateurs libanais sur le tapis des Grammy Awards 2025\" \/>\n<meta property=\"og:description\" content=\"Apr\u00e8s que les designers libanais ont attir\u00e9 l&#039;attention lors des Joy Awards 2025, ils ont fait une autre d\u00e9claration \u00e9blouissante lors du tapis rouge et du gala des Grammys.\" \/>\n<meta property=\"og:url\" content=\"https:\/\/www.beirut.com\/fr\/743063\/reperes-des-createurs-libanais-sur-le-tapis-des-grammy-awards-2025\/\" \/>\n<meta property=\"og:site_name\" content=\"Beirut.com\" \/>\n<meta property=\"article:publisher\" content=\"https:\/\/www.facebook.com\/beirutcityguide\" \/>\n<meta property=\"article:published_time\" content=\"2025-02-03T08:55:02+00:00\" \/>\n<meta property=\"article:modified_time\" content=\"2025-02-04T07:50:53+00:00\" \/>\n<meta property=\"og:image\" content=\"https:\/\/www.beirut.com\/wp-content\/uploads\/2025\/02\/grammys2025.jpg\" \/>\n\t<meta property=\"og:image:width\" content=\"2420\" \/>\n\t<meta property=\"og:image:height\" content=\"1500\" \/>\n\t<meta property=\"og:image:type\" content=\"image\/jpeg\" \/>\n<meta name=\"author\" content=\"Lama Hajj\" \/>\n<meta name=\"twitter:card\" content=\"summary_large_image\" \/>\n<meta name=\"twitter:creator\" content=\"@beirutcityguide\" \/>\n<meta name=\"twitter:site\" content=\"@beirutcityguide\" \/>\n<meta name=\"twitter:label1\" content=\"\u00c9crit par\" \/>\n\t<meta name=\"twitter:data1\" content=\"Lama Hajj\" \/>\n\t<meta name=\"twitter:label2\" content=\"Dur\u00e9e de lecture estim\u00e9e\" \/>\n\t<meta name=\"twitter:data2\" content=\"1 minute\" \/>\n<script type=\"application\/ld+json\" class=\"yoast-schema-graph\">{\"@context\":\"https:\\\/\\\/schema.org\",\"@graph\":[{\"@type\":\"Article\",\"@id\":\"https:\\\/\\\/www.beirut.com\\\/fr\\\/743063\\\/reperes-des-createurs-libanais-sur-le-tapis-des-grammy-awards-2025\\\/#article\",\"isPartOf\":{\"@id\":\"https:\\\/\\\/www.beirut.com\\\/fr\\\/743063\\\/reperes-des-createurs-libanais-sur-le-tapis-des-grammy-awards-2025\\\/\"},\"author\":{\"name\":\"Lama Hajj\",\"@id\":\"https:\\\/\\\/www.beirut.com\\\/ar\\\/#\\\/schema\\\/person\\\/97c22b1acf96bb062cb725fb93718ec7\"},\"headline\":\"Rep\u00e9r\u00e9s : des cr\u00e9ateurs libanais sur le tapis des Grammy Awards 2025\",\"datePublished\":\"2025-02-03T08:55:02+00:00\",\"dateModified\":\"2025-02-04T07:50:53+00:00\",\"mainEntityOfPage\":{\"@id\":\"https:\\\/\\\/www.beirut.com\\\/fr\\\/743063\\\/reperes-des-createurs-libanais-sur-le-tapis-des-grammy-awards-2025\\\/\"},\"wordCount\":179,\"publisher\":{\"@id\":\"https:\\\/\\\/www.beirut.com\\\/ar\\\/#organization\"},\"image\":{\"@id\":\"https:\\\/\\\/www.beirut.com\\\/fr\\\/743063\\\/reperes-des-createurs-libanais-sur-le-tapis-des-grammy-awards-2025\\\/#primaryimage\"},\"thumbnailUrl\":\"https:\\\/\\\/www.beirut.com\\\/wp-content\\\/uploads\\\/2025\\\/02\\\/grammys2025.jpg\",\"articleSection\":[\"On Adore\"],\"inLanguage\":\"fr-FR\"},{\"@type\":\"WebPage\",\"@id\":\"https:\\\/\\\/www.beirut.com\\\/fr\\\/743063\\\/reperes-des-createurs-libanais-sur-le-tapis-des-grammy-awards-2025\\\/\",\"url\":\"https:\\\/\\\/www.beirut.com\\\/fr\\\/743063\\\/reperes-des-createurs-libanais-sur-le-tapis-des-grammy-awards-2025\\\/\",\"name\":\"Rep\u00e9r\u00e9s : des cr\u00e9ateurs libanais sur le tapis des Grammy Awards 2025 &#187; Beirut.com\",\"isPartOf\":{\"@id\":\"https:\\\/\\\/www.beirut.com\\\/ar\\\/#website\"},\"primaryImageOfPage\":{\"@id\":\"https:\\\/\\\/www.beirut.com\\\/fr\\\/743063\\\/reperes-des-createurs-libanais-sur-le-tapis-des-grammy-awards-2025\\\/#primaryimage\"},\"image\":{\"@id\":\"https:\\\/\\\/www.beirut.com\\\/fr\\\/743063\\\/reperes-des-createurs-libanais-sur-le-tapis-des-grammy-awards-2025\\\/#primaryimage\"},\"thumbnailUrl\":\"https:\\\/\\\/www.beirut.com\\\/wp-content\\\/uploads\\\/2025\\\/02\\\/grammys2025.jpg\",\"datePublished\":\"2025-02-03T08:55:02+00:00\",\"dateModified\":\"2025-02-04T07:50:53+00:00\",\"description\":\"Apr\u00e8s que les designers libanais ont attir\u00e9 l'attention lors des Joy Awards 2025, ils ont fait une autre d\u00e9claration \u00e9blouissante lors du tapis rouge et du gala des Grammys.\",\"breadcrumb\":{\"@id\":\"https:\\\/\\\/www.beirut.com\\\/fr\\\/743063\\\/reperes-des-createurs-libanais-sur-le-tapis-des-grammy-awards-2025\\\/#breadcrumb\"},\"inLanguage\":\"fr-FR\",\"potentialAction\":[{\"@type\":\"ReadAction\",\"target\":[\"https:\\\/\\\/www.beirut.com\\\/fr\\\/743063\\\/reperes-des-createurs-libanais-sur-le-tapis-des-grammy-awards-2025\\\/\"]}]},{\"@type\":\"ImageObject\",\"inLanguage\":\"fr-FR\",\"@id\":\"https:\\\/\\\/www.beirut.com\\\/fr\\\/743063\\\/reperes-des-createurs-libanais-sur-le-tapis-des-grammy-awards-2025\\\/#primaryimage\",\"url\":\"https:\\\/\\\/www.beirut.com\\\/wp-content\\\/uploads\\\/2025\\\/02\\\/grammys2025.jpg\",\"contentUrl\":\"https:\\\/\\\/www.beirut.com\\\/wp-content\\\/uploads\\\/2025\\\/02\\\/grammys2025.jpg\",\"width\":2420,\"height\":1500,\"caption\":\"Spotted: Lebanese Designers on the 2025 Grammys Carpet\"},{\"@type\":\"BreadcrumbList\",\"@id\":\"https:\\\/\\\/www.beirut.com\\\/fr\\\/743063\\\/reperes-des-createurs-libanais-sur-le-tapis-des-grammy-awards-2025\\\/#breadcrumb\",\"itemListElement\":[{\"@type\":\"ListItem\",\"position\":1,\"name\":\"Home\",\"item\":\"https:\\\/\\\/www.beirut.com\\\/ar\\\/\"},{\"@type\":\"ListItem\",\"position\":2,\"name\":\"Rep\u00e9r\u00e9s : des cr\u00e9ateurs libanais sur le tapis des Grammy Awards 2025\"}]},{\"@type\":\"WebSite\",\"@id\":\"https:\\\/\\\/www.beirut.com\\\/ar\\\/#website\",\"url\":\"https:\\\/\\\/www.beirut.com\\\/ar\\\/\",\"name\":\"Beirut.com\",\"description\":\"Beirut.com est votre guide de Liban, avec les meilleures adresses de gastronomie, culture, quartiers et nouveaut\u00e9s. D\u00e9couvrez o\u00f9 aller et tomber amoureux.\",\"publisher\":{\"@id\":\"https:\\\/\\\/www.beirut.com\\\/ar\\\/#organization\"},\"potentialAction\":[{\"@type\":\"SearchAction\",\"target\":{\"@type\":\"EntryPoint\",\"urlTemplate\":\"https:\\\/\\\/www.beirut.com\\\/ar\\\/?s={search_term_string}\"},\"query-input\":{\"@type\":\"PropertyValueSpecification\",\"valueRequired\":true,\"valueName\":\"search_term_string\"}}],\"inLanguage\":\"fr-FR\"},{\"@type\":\"Organization\",\"@id\":\"https:\\\/\\\/www.beirut.com\\\/ar\\\/#organization\",\"name\":\"Beirut.com, SA\",\"url\":\"https:\\\/\\\/www.beirut.com\\\/ar\\\/\",\"logo\":{\"@type\":\"ImageObject\",\"inLanguage\":\"fr-FR\",\"@id\":\"https:\\\/\\\/www.beirut.com\\\/ar\\\/#\\\/schema\\\/logo\\\/image\\\/\",\"url\":\"https:\\\/\\\/www.beirut.com\\\/wp-content\\\/uploads\\\/2023\\\/04\\\/Beirut.com-Logo-scaled.jpg\",\"contentUrl\":\"https:\\\/\\\/www.beirut.com\\\/wp-content\\\/uploads\\\/2023\\\/04\\\/Beirut.com-Logo-scaled.jpg\",\"width\":2560,\"height\":1044,\"caption\":\"Beirut.com, SA\"},\"image\":{\"@id\":\"https:\\\/\\\/www.beirut.com\\\/ar\\\/#\\\/schema\\\/logo\\\/image\\\/\"},\"sameAs\":[\"https:\\\/\\\/www.facebook.com\\\/beirutcityguide\",\"https:\\\/\\\/x.com\\\/beirutcityguide\"]},{\"@type\":\"Person\",\"@id\":\"https:\\\/\\\/www.beirut.com\\\/ar\\\/#\\\/schema\\\/person\\\/97c22b1acf96bb062cb725fb93718ec7\",\"name\":\"Lama Hajj\",\"image\":{\"@type\":\"ImageObject\",\"inLanguage\":\"fr-FR\",\"@id\":\"https:\\\/\\\/secure.gravatar.com\\\/avatar\\\/67b10c42971f974a243c63fd7a0bca9223dece8ed2c04f9bbac90887efda1dd5?s=96&d=mm&r=g\",\"url\":\"https:\\\/\\\/secure.gravatar.com\\\/avatar\\\/67b10c42971f974a243c63fd7a0bca9223dece8ed2c04f9bbac90887efda1dd5?s=96&d=mm&r=g\",\"contentUrl\":\"https:\\\/\\\/secure.gravatar.com\\\/avatar\\\/67b10c42971f974a243c63fd7a0bca9223dece8ed2c04f9bbac90887efda1dd5?s=96&d=mm&r=g\",\"caption\":\"Lama Hajj\"},\"description\":\"Born and raised in Beirut, Lama is interested in food, alcohol, and history. She's an avid hater of camping. She started out as an enthusiastic writer for Beirut.com, writing about everything from food to culture - actually, just those two things. As of July 2015, Lama heads up the Beirut.com staff as Executive Editor.\",\"url\":\"https:\\\/\\\/www.beirut.com\\\/fr\\\/author\\\/lama_hajj\\\/\"}]}<\/script>\n<!-- \/ Yoast SEO Premium plugin. -->","yoast_head_json":{"title":"Rep\u00e9r\u00e9s : des cr\u00e9ateurs libanais sur le tapis des Grammy Awards 2025 &#187; Beirut.com","description":"Apr\u00e8s que les designers libanais ont attir\u00e9 l'attention lors des Joy Awards 2025, ils ont fait une autre d\u00e9claration \u00e9blouissante lors du tapis rouge et du gala des Grammys.","robots":{"index":"index","follow":"follow","max-snippet":"max-snippet:-1","max-image-preview":"max-image-preview:large","max-video-preview":"max-video-preview:-1"},"canonical":"https:\/\/www.beirut.com\/fr\/743063\/reperes-des-createurs-libanais-sur-le-tapis-des-grammy-awards-2025\/","og_locale":"fr_FR","og_type":"article","og_title":"Rep\u00e9r\u00e9s : des cr\u00e9ateurs libanais sur le tapis des Grammy Awards 2025","og_description":"Apr\u00e8s que les designers libanais ont attir\u00e9 l'attention lors des Joy Awards 2025, ils ont fait une autre d\u00e9claration \u00e9blouissante lors du tapis rouge et du gala des Grammys.","og_url":"https:\/\/www.beirut.com\/fr\/743063\/reperes-des-createurs-libanais-sur-le-tapis-des-grammy-awards-2025\/","og_site_name":"Beirut.com","article_publisher":"https:\/\/www.facebook.com\/beirutcityguide","article_published_time":"2025-02-03T08:55:02+00:00","article_modified_time":"2025-02-04T07:50:53+00:00","og_image":[{"width":2420,"height":1500,"url":"https:\/\/www.beirut.com\/wp-content\/uploads\/2025\/02\/grammys2025.jpg","type":"image\/jpeg"}],"author":"Lama Hajj","twitter_card":"summary_large_image","twitter_creator":"@beirutcityguide","twitter_site":"@beirutcityguide","twitter_misc":{"\u00c9crit par":"Lama Hajj","Dur\u00e9e de lecture estim\u00e9e":"1 minute"},"schema":{"@context":"https:\/\/schema.org","@graph":[{"@type":"Article","@id":"https:\/\/www.beirut.com\/fr\/743063\/reperes-des-createurs-libanais-sur-le-tapis-des-grammy-awards-2025\/#article","isPartOf":{"@id":"https:\/\/www.beirut.com\/fr\/743063\/reperes-des-createurs-libanais-sur-le-tapis-des-grammy-awards-2025\/"},"author":{"name":"Lama Hajj","@id":"https:\/\/www.beirut.com\/ar\/#\/schema\/person\/97c22b1acf96bb062cb725fb93718ec7"},"headline":"Rep\u00e9r\u00e9s : des cr\u00e9ateurs libanais sur le tapis des Grammy Awards 2025","datePublished":"2025-02-03T08:55:02+00:00","dateModified":"2025-02-04T07:50:53+00:00","mainEntityOfPage":{"@id":"https:\/\/www.beirut.com\/fr\/743063\/reperes-des-createurs-libanais-sur-le-tapis-des-grammy-awards-2025\/"},"wordCount":179,"publisher":{"@id":"https:\/\/www.beirut.com\/ar\/#organization"},"image":{"@id":"https:\/\/www.beirut.com\/fr\/743063\/reperes-des-createurs-libanais-sur-le-tapis-des-grammy-awards-2025\/#primaryimage"},"thumbnailUrl":"https:\/\/www.beirut.com\/wp-content\/uploads\/2025\/02\/grammys2025.jpg","articleSection":["On Adore"],"inLanguage":"fr-FR"},{"@type":"WebPage","@id":"https:\/\/www.beirut.com\/fr\/743063\/reperes-des-createurs-libanais-sur-le-tapis-des-grammy-awards-2025\/","url":"https:\/\/www.beirut.com\/fr\/743063\/reperes-des-createurs-libanais-sur-le-tapis-des-grammy-awards-2025\/","name":"Rep\u00e9r\u00e9s : des cr\u00e9ateurs libanais sur le tapis des Grammy Awards 2025 &#187; Beirut.com","isPartOf":{"@id":"https:\/\/www.beirut.com\/ar\/#website"},"primaryImageOfPage":{"@id":"https:\/\/www.beirut.com\/fr\/743063\/reperes-des-createurs-libanais-sur-le-tapis-des-grammy-awards-2025\/#primaryimage"},"image":{"@id":"https:\/\/www.beirut.com\/fr\/743063\/reperes-des-createurs-libanais-sur-le-tapis-des-grammy-awards-2025\/#primaryimage"},"thumbnailUrl":"https:\/\/www.beirut.com\/wp-content\/uploads\/2025\/02\/grammys2025.jpg","datePublished":"2025-02-03T08:55:02+00:00","dateModified":"2025-02-04T07:50:53+00:00","description":"Apr\u00e8s que les designers libanais ont attir\u00e9 l'attention lors des Joy Awards 2025, ils ont fait une autre d\u00e9claration \u00e9blouissante lors du tapis rouge et du gala des Grammys.","breadcrumb":{"@id":"https:\/\/www.beirut.com\/fr\/743063\/reperes-des-createurs-libanais-sur-le-tapis-des-grammy-awards-2025\/#breadcrumb"},"inLanguage":"fr-FR","potentialAction":[{"@type":"ReadAction","target":["https:\/\/www.beirut.com\/fr\/743063\/reperes-des-createurs-libanais-sur-le-tapis-des-grammy-awards-2025\/"]}]},{"@type":"ImageObject","inLanguage":"fr-FR","@id":"https:\/\/www.beirut.com\/fr\/743063\/reperes-des-createurs-libanais-sur-le-tapis-des-grammy-awards-2025\/#primaryimage","url":"https:\/\/www.beirut.com\/wp-content\/uploads\/2025\/02\/grammys2025.jpg","contentUrl":"https:\/\/www.beirut.com\/wp-content\/uploads\/2025\/02\/grammys2025.jpg","width":2420,"height":1500,"caption":"Spotted: Lebanese Designers on the 2025 Grammys Carpet"},{"@type":"BreadcrumbList","@id":"https:\/\/www.beirut.com\/fr\/743063\/reperes-des-createurs-libanais-sur-le-tapis-des-grammy-awards-2025\/#breadcrumb","itemListElement":[{"@type":"ListItem","position":1,"name":"Home","item":"https:\/\/www.beirut.com\/ar\/"},{"@type":"ListItem","position":2,"name":"Rep\u00e9r\u00e9s : des cr\u00e9ateurs libanais sur le tapis des Grammy Awards 2025"}]},{"@type":"WebSite","@id":"https:\/\/www.beirut.com\/ar\/#website","url":"https:\/\/www.beirut.com\/ar\/","name":"Beirut.com","description":"Beirut.com est votre guide de Liban, avec les meilleures adresses de gastronomie, culture, quartiers et nouveaut\u00e9s. D\u00e9couvrez o\u00f9 aller et tomber amoureux.","publisher":{"@id":"https:\/\/www.beirut.com\/ar\/#organization"},"potentialAction":[{"@type":"SearchAction","target":{"@type":"EntryPoint","urlTemplate":"https:\/\/www.beirut.com\/ar\/?s={search_term_string}"},"query-input":{"@type":"PropertyValueSpecification","valueRequired":true,"valueName":"search_term_string"}}],"inLanguage":"fr-FR"},{"@type":"Organization","@id":"https:\/\/www.beirut.com\/ar\/#organization","name":"Beirut.com, SA","url":"https:\/\/www.beirut.com\/ar\/","logo":{"@type":"ImageObject","inLanguage":"fr-FR","@id":"https:\/\/www.beirut.com\/ar\/#\/schema\/logo\/image\/","url":"https:\/\/www.beirut.com\/wp-content\/uploads\/2023\/04\/Beirut.com-Logo-scaled.jpg","contentUrl":"https:\/\/www.beirut.com\/wp-content\/uploads\/2023\/04\/Beirut.com-Logo-scaled.jpg","width":2560,"height":1044,"caption":"Beirut.com, SA"},"image":{"@id":"https:\/\/www.beirut.com\/ar\/#\/schema\/logo\/image\/"},"sameAs":["https:\/\/www.facebook.com\/beirutcityguide","https:\/\/x.com\/beirutcityguide"]},{"@type":"Person","@id":"https:\/\/www.beirut.com\/ar\/#\/schema\/person\/97c22b1acf96bb062cb725fb93718ec7","name":"Lama Hajj","image":{"@type":"ImageObject","inLanguage":"fr-FR","@id":"https:\/\/secure.gravatar.com\/avatar\/67b10c42971f974a243c63fd7a0bca9223dece8ed2c04f9bbac90887efda1dd5?s=96&d=mm&r=g","url":"https:\/\/secure.gravatar.com\/avatar\/67b10c42971f974a243c63fd7a0bca9223dece8ed2c04f9bbac90887efda1dd5?s=96&d=mm&r=g","contentUrl":"https:\/\/secure.gravatar.com\/avatar\/67b10c42971f974a243c63fd7a0bca9223dece8ed2c04f9bbac90887efda1dd5?s=96&d=mm&r=g","caption":"Lama Hajj"},"description":"Born and raised in Beirut, Lama is interested in food, alcohol, and history. She's an avid hater of camping. She started out as an enthusiastic writer for Beirut.com, writing about everything from food to culture - actually, just those two things. As of July 2015, Lama heads up the Beirut.com staff as Executive Editor.","url":"https:\/\/www.beirut.com\/fr\/author\/lama_hajj\/"}]}},"_links":{"self":[{"href":"https:\/\/www.beirut.com\/fr\/wp-json\/wp\/v2\/posts\/743063","targetHints":{"allow":["GET"]}}],"collection":[{"href":"https:\/\/www.beirut.com\/fr\/wp-json\/wp\/v2\/posts"}],"about":[{"href":"https:\/\/www.beirut.com\/fr\/wp-json\/wp\/v2\/types\/post"}],"author":[{"embeddable":true,"href":"https:\/\/www.beirut.com\/fr\/wp-json\/wp\/v2\/users\/102"}],"replies":[{"embeddable":true,"href":"https:\/\/www.beirut.com\/fr\/wp-json\/wp\/v2\/comments?post=743063"}],"version-history":[{"count":1,"href":"https:\/\/www.beirut.com\/fr\/wp-json\/wp\/v2\/posts\/743063\/revisions"}],"predecessor-version":[{"id":743064,"href":"https:\/\/www.beirut.com\/fr\/wp-json\/wp\/v2\/posts\/743063\/revisions\/743064"}],"wp:authorship":[{"embeddable":true,"href":"https:\/\/www.beirut.com\/fr\/wp-json\/wp\/v2\/users\/87"}],"wp:featuredmedia":[{"embeddable":true,"href":"https:\/\/www.beirut.com\/fr\/wp-json\/wp\/v2\/media\/743001"}],"wp:attachment":[{"href":"https:\/\/www.beirut.com\/fr\/wp-json\/wp\/v2\/media?parent=743063"}],"wp:term":[{"taxonomy":"post_tag","embeddable":true,"href":"https:\/\/www.beirut.com\/fr\/wp-json\/wp\/v2\/tags?post=743063"},{"taxonomy":"media-embed-type","embeddable":true,"href":"https:\/\/www.beirut.com\/fr\/wp-json\/wp\/v2\/media-embed-type?post=743063"}],"curies":[{"name":"wp","href":"https:\/\/api.w.org\/{rel}","templated":true}]}}