{"id":744098,"date":"2025-02-12T13:55:43","date_gmt":"2025-02-12T13:55:43","guid":{"rendered":"https:\/\/www.beirut.com\/?p=744098"},"modified":"2025-02-12T14:00:49","modified_gmt":"2025-02-12T14:00:49","slug":"les-routes-du-centre-ville-de-beyrouth-rouvertes-apres-des-annees-de-barrieres-de-securite","status":"publish","type":"post","link":"https:\/\/www.beirut.com\/fr\/744098\/les-routes-du-centre-ville-de-beyrouth-rouvertes-apres-des-annees-de-barrieres-de-securite\/","title":{"rendered":"Les routes du centre-ville de Beyrouth rouvertes apr\u00e8s des ann\u00e9es de barri\u00e8res de s\u00e9curit\u00e9"},"content":{"rendered":" <p><em>Image principale <a href=\"https:\/\/www.annahar.com\/Lebanon\/Politics\/194558\/%D8%A8%D8%A7%D9%84%D8%B5%D9%88%D8%B1--%D8%A5%D8%B9%D8%A7%D8%AF%D8%A9-%D9%81%D8%AA%D8%AD-%D8%A7%D9%84%D8%B7%D8%B1%D9%82-%D8%A7%D9%84%D9%85%D8%AD%D9%8A%D8%B7%D8%A9-%D8%A8%D8%B3%D8%A7%D8%AD%D8%A9-%D8%A7%D9%84%D9%86%D8%AC%D9%85%D8%A9-%D9%81%D9%8A-%D9%88%D8%B3%D8%B7-%D8%A8%D9%8A%D8%B1%D9%88%D8%AA-%D9%88%D8%B1%D9%81%D8%B9-%D8%A7%D9%84%D8%B9%D9%88%D8%A7%D8%A6%D9%82\" target=\"_blank\" rel=\"noreferrer noopener\">via Annahar<\/a>. <\/em><\/p>    <p><\/p>    <p>Apr\u00e8s avoir \u00e9t\u00e9 ferm\u00e9es pendant des ann\u00e9es en raison de ce qui a \u00e9t\u00e9 qualifi\u00e9 de &#8220;mesures de s\u00e9curit\u00e9&#8221;, les rues entourant le Parlement du Liban ont enfin \u00e9t\u00e9 rouvertes. Les gardes parlementaires ont annonc\u00e9 que toutes les routes menant \u00e0 <a href=\"https:\/\/www.beirut.com\/en\/directory\/nejmeh-square\/\" target=\"_blank\" rel=\"noreferrer noopener\">la place Nejmeh<\/a>, de la rue Masaref au centre-ville de Beyrouth, sont d\u00e9sormais accessibles au public sans aucune restriction.<\/p>    <p><\/p>    <div style=\"display:flex;justify-content: center;align-items: center;\">   <div class=\"lozad wp-twitter-embed\" style=\"text-align: center;width:80%;max-width: 100%;\" data-twitter-src=\"https:\/\/www.twitter.com\/Annahar\/status\/1889670480459608462\"><\/div>  <\/div>    <p><\/p>    <p>Ce mouvement vise \u00e0 insuffler une nouvelle vie au c\u0153ur de la capitale, marquant un nouveau chapitre dans l&#8217;histoire du Liban suite \u00e0 l&#8217;\u00e9lection d&#8217;un nouveau pr\u00e9sident et \u00e0 la formation d&#8217;un gouvernement prometteur.<\/p>    <p><\/p>    <p><\/p>    <p>Des images partag\u00e9es par <em>Annahar<\/em> montrent le retour progressif de la circulation sur la rue Masaref et les routes avoisinantes alors que les barri\u00e8res sont en train d&#8217;\u00eatre enlev\u00e9es.<\/p>    <p><\/p>    <p>Mabrouk, tout le monde. <\/p>    <p><\/p> ","protected":false},"excerpt":{"rendered":"<p>Image principale via Annahar. Apr\u00e8s avoir \u00e9t\u00e9 ferm\u00e9es pendant des ann\u00e9es en raison de ce qui a \u00e9t\u00e9 qualifi\u00e9 de &#8220;mesures de s\u00e9curit\u00e9&#8221;, les rues entourant le Parlement du Liban ont enfin \u00e9t\u00e9 rouvertes. Les gardes parlementaires ont annonc\u00e9 que toutes les routes menant \u00e0 la place Nejmeh, de la rue Masaref au centre-ville de [&hellip;]<\/p>\n","protected":false},"author":102,"featured_media":744092,"comment_status":"closed","ping_status":"closed","sticky":false,"template":"","format":"standard","meta":{"_preview_accessed":0,"footnotes":""},"tags":[],"media-embed-type":[],"class_list":["post-744098","post","type-post","status-publish","format-standard","has-post-thumbnail","hentry","category-le-blog"],"authorship":[144],"yoast_head":"<!-- This site is optimized with the Yoast SEO Premium plugin v27.3 (Yoast SEO v27.3) - https:\/\/yoast.com\/product\/yoast-seo-premium-wordpress\/ -->\n<title>Les routes du centre-ville de Beyrouth rouvertes apr\u00e8s des ann\u00e9es de barri\u00e8res de s\u00e9curit\u00e9 &#187; Beirut.com<\/title>\n<meta name=\"description\" content=\"Apr\u00e8s avoir \u00e9t\u00e9 ferm\u00e9es pendant des ann\u00e9es en raison de ce qui a \u00e9t\u00e9 qualifi\u00e9 de &quot;mesures de s\u00e9curit\u00e9&quot;, les rues entourant le Parlement du Liban ont enfin \u00e9t\u00e9 rouvertes.\" \/>\n<meta name=\"robots\" content=\"index, follow, max-snippet:-1, max-image-preview:large, max-video-preview:-1\" \/>\n<link rel=\"canonical\" href=\"https:\/\/www.beirut.com\/fr\/744098\/les-routes-du-centre-ville-de-beyrouth-rouvertes-apres-des-annees-de-barrieres-de-securite\/\" \/>\n<meta property=\"og:locale\" content=\"fr_FR\" \/>\n<meta property=\"og:type\" content=\"article\" \/>\n<meta property=\"og:title\" content=\"Les routes du centre-ville de Beyrouth rouvertes apr\u00e8s des ann\u00e9es de barri\u00e8res de s\u00e9curit\u00e9\" \/>\n<meta property=\"og:description\" content=\"Apr\u00e8s avoir \u00e9t\u00e9 ferm\u00e9es pendant des ann\u00e9es en raison de ce qui a \u00e9t\u00e9 qualifi\u00e9 de &quot;mesures de s\u00e9curit\u00e9&quot;, les rues entourant le Parlement du Liban ont enfin \u00e9t\u00e9 rouvertes.\" \/>\n<meta property=\"og:url\" content=\"https:\/\/www.beirut.com\/fr\/744098\/les-routes-du-centre-ville-de-beyrouth-rouvertes-apres-des-annees-de-barrieres-de-securite\/\" \/>\n<meta property=\"og:site_name\" content=\"Beirut.com\" \/>\n<meta property=\"article:publisher\" content=\"https:\/\/www.facebook.com\/beirutcityguide\" \/>\n<meta property=\"article:published_time\" content=\"2025-02-12T13:55:43+00:00\" \/>\n<meta property=\"article:modified_time\" content=\"2025-02-12T14:00:49+00:00\" \/>\n<meta property=\"og:image\" content=\"https:\/\/www.beirut.com\/wp-content\/uploads\/2025\/02\/parliament.jpeg\" \/>\n\t<meta property=\"og:image:width\" content=\"1600\" \/>\n\t<meta property=\"og:image:height\" content=\"1200\" \/>\n\t<meta property=\"og:image:type\" content=\"image\/jpeg\" \/>\n<meta name=\"author\" content=\"Lama Hajj\" \/>\n<meta name=\"twitter:card\" content=\"summary_large_image\" \/>\n<meta name=\"twitter:creator\" content=\"@beirutcityguide\" \/>\n<meta name=\"twitter:site\" content=\"@beirutcityguide\" \/>\n<meta name=\"twitter:label1\" content=\"\u00c9crit par\" \/>\n\t<meta name=\"twitter:data1\" content=\"Lama Hajj\" \/>\n\t<meta name=\"twitter:label2\" content=\"Dur\u00e9e de lecture estim\u00e9e\" \/>\n\t<meta name=\"twitter:data2\" content=\"1 minute\" \/>\n<script type=\"application\/ld+json\" class=\"yoast-schema-graph\">{\"@context\":\"https:\\\/\\\/schema.org\",\"@graph\":[{\"@type\":\"Article\",\"@id\":\"https:\\\/\\\/www.beirut.com\\\/fr\\\/744098\\\/les-routes-du-centre-ville-de-beyrouth-rouvertes-apres-des-annees-de-barrieres-de-securite\\\/#article\",\"isPartOf\":{\"@id\":\"https:\\\/\\\/www.beirut.com\\\/fr\\\/744098\\\/les-routes-du-centre-ville-de-beyrouth-rouvertes-apres-des-annees-de-barrieres-de-securite\\\/\"},\"author\":{\"name\":\"Lama Hajj\",\"@id\":\"https:\\\/\\\/www.beirut.com\\\/ar\\\/#\\\/schema\\\/person\\\/97c22b1acf96bb062cb725fb93718ec7\"},\"headline\":\"Les routes du centre-ville de Beyrouth rouvertes apr\u00e8s des ann\u00e9es de barri\u00e8res de s\u00e9curit\u00e9\",\"datePublished\":\"2025-02-12T13:55:43+00:00\",\"dateModified\":\"2025-02-12T14:00:49+00:00\",\"mainEntityOfPage\":{\"@id\":\"https:\\\/\\\/www.beirut.com\\\/fr\\\/744098\\\/les-routes-du-centre-ville-de-beyrouth-rouvertes-apres-des-annees-de-barrieres-de-securite\\\/\"},\"wordCount\":160,\"publisher\":{\"@id\":\"https:\\\/\\\/www.beirut.com\\\/ar\\\/#organization\"},\"image\":{\"@id\":\"https:\\\/\\\/www.beirut.com\\\/fr\\\/744098\\\/les-routes-du-centre-ville-de-beyrouth-rouvertes-apres-des-annees-de-barrieres-de-securite\\\/#primaryimage\"},\"thumbnailUrl\":\"https:\\\/\\\/www.beirut.com\\\/wp-content\\\/uploads\\\/2025\\\/02\\\/parliament.jpeg\",\"articleSection\":[\"Blog\"],\"inLanguage\":\"fr-FR\"},{\"@type\":\"WebPage\",\"@id\":\"https:\\\/\\\/www.beirut.com\\\/fr\\\/744098\\\/les-routes-du-centre-ville-de-beyrouth-rouvertes-apres-des-annees-de-barrieres-de-securite\\\/\",\"url\":\"https:\\\/\\\/www.beirut.com\\\/fr\\\/744098\\\/les-routes-du-centre-ville-de-beyrouth-rouvertes-apres-des-annees-de-barrieres-de-securite\\\/\",\"name\":\"Les routes du centre-ville de Beyrouth rouvertes apr\u00e8s des ann\u00e9es de barri\u00e8res de s\u00e9curit\u00e9 &#187; Beirut.com\",\"isPartOf\":{\"@id\":\"https:\\\/\\\/www.beirut.com\\\/ar\\\/#website\"},\"primaryImageOfPage\":{\"@id\":\"https:\\\/\\\/www.beirut.com\\\/fr\\\/744098\\\/les-routes-du-centre-ville-de-beyrouth-rouvertes-apres-des-annees-de-barrieres-de-securite\\\/#primaryimage\"},\"image\":{\"@id\":\"https:\\\/\\\/www.beirut.com\\\/fr\\\/744098\\\/les-routes-du-centre-ville-de-beyrouth-rouvertes-apres-des-annees-de-barrieres-de-securite\\\/#primaryimage\"},\"thumbnailUrl\":\"https:\\\/\\\/www.beirut.com\\\/wp-content\\\/uploads\\\/2025\\\/02\\\/parliament.jpeg\",\"datePublished\":\"2025-02-12T13:55:43+00:00\",\"dateModified\":\"2025-02-12T14:00:49+00:00\",\"description\":\"Apr\u00e8s avoir \u00e9t\u00e9 ferm\u00e9es pendant des ann\u00e9es en raison de ce qui a \u00e9t\u00e9 qualifi\u00e9 de \\\"mesures de s\u00e9curit\u00e9\\\", les rues entourant le Parlement du Liban ont enfin \u00e9t\u00e9 rouvertes.\",\"breadcrumb\":{\"@id\":\"https:\\\/\\\/www.beirut.com\\\/fr\\\/744098\\\/les-routes-du-centre-ville-de-beyrouth-rouvertes-apres-des-annees-de-barrieres-de-securite\\\/#breadcrumb\"},\"inLanguage\":\"fr-FR\",\"potentialAction\":[{\"@type\":\"ReadAction\",\"target\":[\"https:\\\/\\\/www.beirut.com\\\/fr\\\/744098\\\/les-routes-du-centre-ville-de-beyrouth-rouvertes-apres-des-annees-de-barrieres-de-securite\\\/\"]}]},{\"@type\":\"ImageObject\",\"inLanguage\":\"fr-FR\",\"@id\":\"https:\\\/\\\/www.beirut.com\\\/fr\\\/744098\\\/les-routes-du-centre-ville-de-beyrouth-rouvertes-apres-des-annees-de-barrieres-de-securite\\\/#primaryimage\",\"url\":\"https:\\\/\\\/www.beirut.com\\\/wp-content\\\/uploads\\\/2025\\\/02\\\/parliament.jpeg\",\"contentUrl\":\"https:\\\/\\\/www.beirut.com\\\/wp-content\\\/uploads\\\/2025\\\/02\\\/parliament.jpeg\",\"width\":1600,\"height\":1200,\"caption\":\"parliament square\"},{\"@type\":\"BreadcrumbList\",\"@id\":\"https:\\\/\\\/www.beirut.com\\\/fr\\\/744098\\\/les-routes-du-centre-ville-de-beyrouth-rouvertes-apres-des-annees-de-barrieres-de-securite\\\/#breadcrumb\",\"itemListElement\":[{\"@type\":\"ListItem\",\"position\":1,\"name\":\"Home\",\"item\":\"https:\\\/\\\/www.beirut.com\\\/ar\\\/\"},{\"@type\":\"ListItem\",\"position\":2,\"name\":\"Les routes du centre-ville de Beyrouth rouvertes apr\u00e8s des ann\u00e9es de barri\u00e8res de s\u00e9curit\u00e9\"}]},{\"@type\":\"WebSite\",\"@id\":\"https:\\\/\\\/www.beirut.com\\\/ar\\\/#website\",\"url\":\"https:\\\/\\\/www.beirut.com\\\/ar\\\/\",\"name\":\"Beirut.com\",\"description\":\"Beirut.com est votre guide de Liban, avec les meilleures adresses de gastronomie, culture, quartiers et nouveaut\u00e9s. D\u00e9couvrez o\u00f9 aller et tomber amoureux.\",\"publisher\":{\"@id\":\"https:\\\/\\\/www.beirut.com\\\/ar\\\/#organization\"},\"potentialAction\":[{\"@type\":\"SearchAction\",\"target\":{\"@type\":\"EntryPoint\",\"urlTemplate\":\"https:\\\/\\\/www.beirut.com\\\/ar\\\/?s={search_term_string}\"},\"query-input\":{\"@type\":\"PropertyValueSpecification\",\"valueRequired\":true,\"valueName\":\"search_term_string\"}}],\"inLanguage\":\"fr-FR\"},{\"@type\":\"Organization\",\"@id\":\"https:\\\/\\\/www.beirut.com\\\/ar\\\/#organization\",\"name\":\"Beirut.com, SA\",\"url\":\"https:\\\/\\\/www.beirut.com\\\/ar\\\/\",\"logo\":{\"@type\":\"ImageObject\",\"inLanguage\":\"fr-FR\",\"@id\":\"https:\\\/\\\/www.beirut.com\\\/ar\\\/#\\\/schema\\\/logo\\\/image\\\/\",\"url\":\"https:\\\/\\\/www.beirut.com\\\/wp-content\\\/uploads\\\/2023\\\/04\\\/Beirut.com-Logo-scaled.jpg\",\"contentUrl\":\"https:\\\/\\\/www.beirut.com\\\/wp-content\\\/uploads\\\/2023\\\/04\\\/Beirut.com-Logo-scaled.jpg\",\"width\":2560,\"height\":1044,\"caption\":\"Beirut.com, SA\"},\"image\":{\"@id\":\"https:\\\/\\\/www.beirut.com\\\/ar\\\/#\\\/schema\\\/logo\\\/image\\\/\"},\"sameAs\":[\"https:\\\/\\\/www.facebook.com\\\/beirutcityguide\",\"https:\\\/\\\/x.com\\\/beirutcityguide\"]},{\"@type\":\"Person\",\"@id\":\"https:\\\/\\\/www.beirut.com\\\/ar\\\/#\\\/schema\\\/person\\\/97c22b1acf96bb062cb725fb93718ec7\",\"name\":\"Lama Hajj\",\"image\":{\"@type\":\"ImageObject\",\"inLanguage\":\"fr-FR\",\"@id\":\"https:\\\/\\\/secure.gravatar.com\\\/avatar\\\/67b10c42971f974a243c63fd7a0bca9223dece8ed2c04f9bbac90887efda1dd5?s=96&d=mm&r=g\",\"url\":\"https:\\\/\\\/secure.gravatar.com\\\/avatar\\\/67b10c42971f974a243c63fd7a0bca9223dece8ed2c04f9bbac90887efda1dd5?s=96&d=mm&r=g\",\"contentUrl\":\"https:\\\/\\\/secure.gravatar.com\\\/avatar\\\/67b10c42971f974a243c63fd7a0bca9223dece8ed2c04f9bbac90887efda1dd5?s=96&d=mm&r=g\",\"caption\":\"Lama Hajj\"},\"description\":\"Born and raised in Beirut, Lama is interested in food, alcohol, and history. She's an avid hater of camping. She started out as an enthusiastic writer for Beirut.com, writing about everything from food to culture - actually, just those two things. As of July 2015, Lama heads up the Beirut.com staff as Executive Editor.\",\"url\":\"https:\\\/\\\/www.beirut.com\\\/fr\\\/author\\\/lama_hajj\\\/\"}]}<\/script>\n<!-- \/ Yoast SEO Premium plugin. -->","yoast_head_json":{"title":"Les routes du centre-ville de Beyrouth rouvertes apr\u00e8s des ann\u00e9es de barri\u00e8res de s\u00e9curit\u00e9 &#187; Beirut.com","description":"Apr\u00e8s avoir \u00e9t\u00e9 ferm\u00e9es pendant des ann\u00e9es en raison de ce qui a \u00e9t\u00e9 qualifi\u00e9 de \"mesures de s\u00e9curit\u00e9\", les rues entourant le Parlement du Liban ont enfin \u00e9t\u00e9 rouvertes.","robots":{"index":"index","follow":"follow","max-snippet":"max-snippet:-1","max-image-preview":"max-image-preview:large","max-video-preview":"max-video-preview:-1"},"canonical":"https:\/\/www.beirut.com\/fr\/744098\/les-routes-du-centre-ville-de-beyrouth-rouvertes-apres-des-annees-de-barrieres-de-securite\/","og_locale":"fr_FR","og_type":"article","og_title":"Les routes du centre-ville de Beyrouth rouvertes apr\u00e8s des ann\u00e9es de barri\u00e8res de s\u00e9curit\u00e9","og_description":"Apr\u00e8s avoir \u00e9t\u00e9 ferm\u00e9es pendant des ann\u00e9es en raison de ce qui a \u00e9t\u00e9 qualifi\u00e9 de \"mesures de s\u00e9curit\u00e9\", les rues entourant le Parlement du Liban ont enfin \u00e9t\u00e9 rouvertes.","og_url":"https:\/\/www.beirut.com\/fr\/744098\/les-routes-du-centre-ville-de-beyrouth-rouvertes-apres-des-annees-de-barrieres-de-securite\/","og_site_name":"Beirut.com","article_publisher":"https:\/\/www.facebook.com\/beirutcityguide","article_published_time":"2025-02-12T13:55:43+00:00","article_modified_time":"2025-02-12T14:00:49+00:00","og_image":[{"width":1600,"height":1200,"url":"https:\/\/www.beirut.com\/wp-content\/uploads\/2025\/02\/parliament.jpeg","type":"image\/jpeg"}],"author":"Lama Hajj","twitter_card":"summary_large_image","twitter_creator":"@beirutcityguide","twitter_site":"@beirutcityguide","twitter_misc":{"\u00c9crit par":"Lama Hajj","Dur\u00e9e de lecture estim\u00e9e":"1 minute"},"schema":{"@context":"https:\/\/schema.org","@graph":[{"@type":"Article","@id":"https:\/\/www.beirut.com\/fr\/744098\/les-routes-du-centre-ville-de-beyrouth-rouvertes-apres-des-annees-de-barrieres-de-securite\/#article","isPartOf":{"@id":"https:\/\/www.beirut.com\/fr\/744098\/les-routes-du-centre-ville-de-beyrouth-rouvertes-apres-des-annees-de-barrieres-de-securite\/"},"author":{"name":"Lama Hajj","@id":"https:\/\/www.beirut.com\/ar\/#\/schema\/person\/97c22b1acf96bb062cb725fb93718ec7"},"headline":"Les routes du centre-ville de Beyrouth rouvertes apr\u00e8s des ann\u00e9es de barri\u00e8res de s\u00e9curit\u00e9","datePublished":"2025-02-12T13:55:43+00:00","dateModified":"2025-02-12T14:00:49+00:00","mainEntityOfPage":{"@id":"https:\/\/www.beirut.com\/fr\/744098\/les-routes-du-centre-ville-de-beyrouth-rouvertes-apres-des-annees-de-barrieres-de-securite\/"},"wordCount":160,"publisher":{"@id":"https:\/\/www.beirut.com\/ar\/#organization"},"image":{"@id":"https:\/\/www.beirut.com\/fr\/744098\/les-routes-du-centre-ville-de-beyrouth-rouvertes-apres-des-annees-de-barrieres-de-securite\/#primaryimage"},"thumbnailUrl":"https:\/\/www.beirut.com\/wp-content\/uploads\/2025\/02\/parliament.jpeg","articleSection":["Blog"],"inLanguage":"fr-FR"},{"@type":"WebPage","@id":"https:\/\/www.beirut.com\/fr\/744098\/les-routes-du-centre-ville-de-beyrouth-rouvertes-apres-des-annees-de-barrieres-de-securite\/","url":"https:\/\/www.beirut.com\/fr\/744098\/les-routes-du-centre-ville-de-beyrouth-rouvertes-apres-des-annees-de-barrieres-de-securite\/","name":"Les routes du centre-ville de Beyrouth rouvertes apr\u00e8s des ann\u00e9es de barri\u00e8res de s\u00e9curit\u00e9 &#187; Beirut.com","isPartOf":{"@id":"https:\/\/www.beirut.com\/ar\/#website"},"primaryImageOfPage":{"@id":"https:\/\/www.beirut.com\/fr\/744098\/les-routes-du-centre-ville-de-beyrouth-rouvertes-apres-des-annees-de-barrieres-de-securite\/#primaryimage"},"image":{"@id":"https:\/\/www.beirut.com\/fr\/744098\/les-routes-du-centre-ville-de-beyrouth-rouvertes-apres-des-annees-de-barrieres-de-securite\/#primaryimage"},"thumbnailUrl":"https:\/\/www.beirut.com\/wp-content\/uploads\/2025\/02\/parliament.jpeg","datePublished":"2025-02-12T13:55:43+00:00","dateModified":"2025-02-12T14:00:49+00:00","description":"Apr\u00e8s avoir \u00e9t\u00e9 ferm\u00e9es pendant des ann\u00e9es en raison de ce qui a \u00e9t\u00e9 qualifi\u00e9 de \"mesures de s\u00e9curit\u00e9\", les rues entourant le Parlement du Liban ont enfin \u00e9t\u00e9 rouvertes.","breadcrumb":{"@id":"https:\/\/www.beirut.com\/fr\/744098\/les-routes-du-centre-ville-de-beyrouth-rouvertes-apres-des-annees-de-barrieres-de-securite\/#breadcrumb"},"inLanguage":"fr-FR","potentialAction":[{"@type":"ReadAction","target":["https:\/\/www.beirut.com\/fr\/744098\/les-routes-du-centre-ville-de-beyrouth-rouvertes-apres-des-annees-de-barrieres-de-securite\/"]}]},{"@type":"ImageObject","inLanguage":"fr-FR","@id":"https:\/\/www.beirut.com\/fr\/744098\/les-routes-du-centre-ville-de-beyrouth-rouvertes-apres-des-annees-de-barrieres-de-securite\/#primaryimage","url":"https:\/\/www.beirut.com\/wp-content\/uploads\/2025\/02\/parliament.jpeg","contentUrl":"https:\/\/www.beirut.com\/wp-content\/uploads\/2025\/02\/parliament.jpeg","width":1600,"height":1200,"caption":"parliament square"},{"@type":"BreadcrumbList","@id":"https:\/\/www.beirut.com\/fr\/744098\/les-routes-du-centre-ville-de-beyrouth-rouvertes-apres-des-annees-de-barrieres-de-securite\/#breadcrumb","itemListElement":[{"@type":"ListItem","position":1,"name":"Home","item":"https:\/\/www.beirut.com\/ar\/"},{"@type":"ListItem","position":2,"name":"Les routes du centre-ville de Beyrouth rouvertes apr\u00e8s des ann\u00e9es de barri\u00e8res de s\u00e9curit\u00e9"}]},{"@type":"WebSite","@id":"https:\/\/www.beirut.com\/ar\/#website","url":"https:\/\/www.beirut.com\/ar\/","name":"Beirut.com","description":"Beirut.com est votre guide de Liban, avec les meilleures adresses de gastronomie, culture, quartiers et nouveaut\u00e9s. D\u00e9couvrez o\u00f9 aller et tomber amoureux.","publisher":{"@id":"https:\/\/www.beirut.com\/ar\/#organization"},"potentialAction":[{"@type":"SearchAction","target":{"@type":"EntryPoint","urlTemplate":"https:\/\/www.beirut.com\/ar\/?s={search_term_string}"},"query-input":{"@type":"PropertyValueSpecification","valueRequired":true,"valueName":"search_term_string"}}],"inLanguage":"fr-FR"},{"@type":"Organization","@id":"https:\/\/www.beirut.com\/ar\/#organization","name":"Beirut.com, SA","url":"https:\/\/www.beirut.com\/ar\/","logo":{"@type":"ImageObject","inLanguage":"fr-FR","@id":"https:\/\/www.beirut.com\/ar\/#\/schema\/logo\/image\/","url":"https:\/\/www.beirut.com\/wp-content\/uploads\/2023\/04\/Beirut.com-Logo-scaled.jpg","contentUrl":"https:\/\/www.beirut.com\/wp-content\/uploads\/2023\/04\/Beirut.com-Logo-scaled.jpg","width":2560,"height":1044,"caption":"Beirut.com, SA"},"image":{"@id":"https:\/\/www.beirut.com\/ar\/#\/schema\/logo\/image\/"},"sameAs":["https:\/\/www.facebook.com\/beirutcityguide","https:\/\/x.com\/beirutcityguide"]},{"@type":"Person","@id":"https:\/\/www.beirut.com\/ar\/#\/schema\/person\/97c22b1acf96bb062cb725fb93718ec7","name":"Lama Hajj","image":{"@type":"ImageObject","inLanguage":"fr-FR","@id":"https:\/\/secure.gravatar.com\/avatar\/67b10c42971f974a243c63fd7a0bca9223dece8ed2c04f9bbac90887efda1dd5?s=96&d=mm&r=g","url":"https:\/\/secure.gravatar.com\/avatar\/67b10c42971f974a243c63fd7a0bca9223dece8ed2c04f9bbac90887efda1dd5?s=96&d=mm&r=g","contentUrl":"https:\/\/secure.gravatar.com\/avatar\/67b10c42971f974a243c63fd7a0bca9223dece8ed2c04f9bbac90887efda1dd5?s=96&d=mm&r=g","caption":"Lama Hajj"},"description":"Born and raised in Beirut, Lama is interested in food, alcohol, and history. She's an avid hater of camping. She started out as an enthusiastic writer for Beirut.com, writing about everything from food to culture - actually, just those two things. As of July 2015, Lama heads up the Beirut.com staff as Executive Editor.","url":"https:\/\/www.beirut.com\/fr\/author\/lama_hajj\/"}]}},"_links":{"self":[{"href":"https:\/\/www.beirut.com\/fr\/wp-json\/wp\/v2\/posts\/744098","targetHints":{"allow":["GET"]}}],"collection":[{"href":"https:\/\/www.beirut.com\/fr\/wp-json\/wp\/v2\/posts"}],"about":[{"href":"https:\/\/www.beirut.com\/fr\/wp-json\/wp\/v2\/types\/post"}],"author":[{"embeddable":true,"href":"https:\/\/www.beirut.com\/fr\/wp-json\/wp\/v2\/users\/102"}],"replies":[{"embeddable":true,"href":"https:\/\/www.beirut.com\/fr\/wp-json\/wp\/v2\/comments?post=744098"}],"version-history":[{"count":1,"href":"https:\/\/www.beirut.com\/fr\/wp-json\/wp\/v2\/posts\/744098\/revisions"}],"predecessor-version":[{"id":744100,"href":"https:\/\/www.beirut.com\/fr\/wp-json\/wp\/v2\/posts\/744098\/revisions\/744100"}],"wp:authorship":[{"embeddable":true,"href":"https:\/\/www.beirut.com\/fr\/wp-json\/wp\/v2\/users\/144"}],"wp:featuredmedia":[{"embeddable":true,"href":"https:\/\/www.beirut.com\/fr\/wp-json\/wp\/v2\/media\/744092"}],"wp:attachment":[{"href":"https:\/\/www.beirut.com\/fr\/wp-json\/wp\/v2\/media?parent=744098"}],"wp:term":[{"taxonomy":"post_tag","embeddable":true,"href":"https:\/\/www.beirut.com\/fr\/wp-json\/wp\/v2\/tags?post=744098"},{"taxonomy":"media-embed-type","embeddable":true,"href":"https:\/\/www.beirut.com\/fr\/wp-json\/wp\/v2\/media-embed-type?post=744098"}],"curies":[{"name":"wp","href":"https:\/\/api.w.org\/{rel}","templated":true}]}}