{"id":744536,"date":"2025-02-17T08:54:43","date_gmt":"2025-02-17T08:54:43","guid":{"rendered":"https:\/\/www.beirut.com\/?p=744536"},"modified":"2025-02-18T11:46:38","modified_gmt":"2025-02-18T11:46:38","slug":"beyrouth-va-t-elle-avoir-sa-propre-fashion-week","status":"publish","type":"post","link":"https:\/\/www.beirut.com\/fr\/744536\/beyrouth-va-t-elle-avoir-sa-propre-fashion-week\/","title":{"rendered":"Beyrouth va-t-elle avoir sa propre Fashion Week?"},"content":{"rendered":" <p>Beyrouth a longtemps \u00e9t\u00e9 un centre de la mode et de la cr\u00e9ativit\u00e9, mais la ville pourrait-elle enfin obtenir sa propre <strong>Semaine de la Mode<\/strong> officielle ? Voici ce que nous savons.<\/p>    <p><\/p>    <p>Le Liban est pr\u00eat \u00e0 \u00e9lever son industrie de la mode avec le lancement de la <strong>F\u00e9d\u00e9ration Libanaise de la Mode<\/strong>. Le <a href=\"https:\/\/arabfashioncouncil.com\/the-arab-fashion-council-and-lebanons-ministry-of-economy-and-trade-unite-to-launch-the-federation-libanaise-de-la-mode\/\" target=\"_blank\" rel=\"noreferrer noopener\">Conseil de la mode arabe<\/a> et le minist\u00e8re de l&#8217;\u00c9conomie et du Commerce du Liban ont annonc\u00e9 sa cr\u00e9ation apr\u00e8s avoir sign\u00e9 un accord en 2022. La F\u00e9d\u00e9ration servira d&#8217;organe officiel de la mode au Liban, visant \u00e0 promouvoir les designers libanais \u00e0 l&#8217;\u00e9chelle mondiale, attirer les investissements et stimuler la croissance \u00e9conomique.<\/p>    <p><\/p>   <iframe title=\"Embedded Instagram Post\" allowtransparency=\"true\" allowfullscreen=\"true\" frameborder=\"0\" height=\"532\" data-src=\"https:\/\/www.instagram.com\/reel\/DGBLRdZMCwt\/embed\/\" scrolling=\"no\" style=\"background: white; max-width: 540px; width: calc(100% - 2px); border-radius: 3px; border: 1px solid rgb(219, 219, 219); box-shadow: none; display: block; margin: 12px 0px 12px !important; min-width: 326px; padding: 0px;\"><\/iframe>   <p><\/p>    <p>Le PDG du Conseil de la mode arabe, Jacob Abrian, et le directeur de la strat\u00e9gie, Mohammed Aqra, soulignent le r\u00f4le de la F\u00e9d\u00e9ration dans le positionnement du Liban en tant que centre mondial de la mode tout en pr\u00e9servant son patrimoine culturel.<\/p>    <p><\/p>    <p>L&#8217;initiative connectera les talents libanais avec des investisseurs internationaux et des leaders de l&#8217;industrie pour construire un \u00e9cosyst\u00e8me de mode durable et florissant. Les membres du conseil de la F\u00e9d\u00e9ration et ses plans strat\u00e9giques seront d\u00e9voil\u00e9s lors d&#8217;un \u00e9v\u00e9nement marquant \u00e0 venir \u00e0 Beyrouth.<\/p>    <p><\/p>   <iframe title=\"Embedded Instagram Post\" allowtransparency=\"true\" allowfullscreen=\"true\" frameborder=\"0\" height=\"532\" data-src=\"https:\/\/www.instagram.com\/p\/DGAcNwHIwB_\/embed\/\" scrolling=\"no\" style=\"background: white; max-width: 540px; width: calc(100% - 2px); border-radius: 3px; border: 1px solid rgb(219, 219, 219); box-shadow: none; display: block; margin: 12px 0px 12px !important; min-width: 326px; padding: 0px;\"><\/iframe>   <p><\/p>    <p>Le\u00a0<a href=\"https:\/\/www.beirut.com\/%22https:\/\/www.beirutfashionweek.org\/\/%22\">site web<\/a>\u00a0du BFW, inactif depuis 2017, laisse maintenant entrevoir un \u00e9ventuel retour avec des dates de d\u00e9fil\u00e9s pr\u00e9vues du 23 au 26 novembre 2025. Il n&#8217;est pas clair si l&#8217;organisation pr\u00e9c\u00e9dente de la BFW est affili\u00e9e \u00e0 la nouvelle f\u00e9d\u00e9ration de la mode au Liban.<br><\/p>    <p><\/p>    <p><\/p>    <figure class=\"wp-block-image size-large\"><img loading=\"lazy\" decoding=\"async\" width=\"1024\" height=\"405\" src=\"https:\/\/www.beirut.com\/wp-content\/uploads\/2025\/02\/BFW-1024x405.png\" alt=\"\" class=\"wp-image-744326\" srcset=\"https:\/\/www.beirut.com\/wp-content\/uploads\/2025\/02\/BFW-1024x405.png 1024w, https:\/\/www.beirut.com\/wp-content\/uploads\/2025\/02\/BFW-600x237.png 600w, https:\/\/www.beirut.com\/wp-content\/uploads\/2025\/02\/BFW-250x99.png 250w, https:\/\/www.beirut.com\/wp-content\/uploads\/2025\/02\/BFW-768x304.png 768w, https:\/\/www.beirut.com\/wp-content\/uploads\/2025\/02\/BFW-1536x607.png 1536w, https:\/\/www.beirut.com\/wp-content\/uploads\/2025\/02\/BFW-2048x810.png 2048w\" sizes=\"auto, (max-width: 1024px) 100vw, 1024px\" \/><\/figure>    <p><\/p>    <p>N\u00e9anmoins, l&#8217;\u00e9v\u00e9nement \u00e0 venir pourrait marquer un changement significatif pour la sc\u00e8ne de la mode de la ville !<\/p>    <div style=\"height:50px\" aria-hidden=\"true\" class=\"wp-block-spacer\"><\/div>    <p class=\"has-background\" style=\"background:linear-gradient(135deg,rgb(255,245,203) 0%,rgb(182,227,212) 100%,rgb(51,167,181) 100%);font-size:18px\"><strong>Vous attendez avec impatience la Semaine de la mode de Beyrouth ? Pour des mises \u00e0 jour, assurez-vous de parcourir les sections <a href=\"https:\/\/beirut.com\/en\/tag\/news\/\" target=\"_blank\" rel=\"noreferrer noopener\">#Actualit\u00e9s<\/a> et <a href=\"https:\/\/www.beirut.com\/en\/tag\/lebanese-designers\/\" target=\"_blank\" rel=\"noreferrer noopener\">#Cr\u00e9ateurs Libanais<\/a> sur notre site web.<\/strong><\/p>    <div style=\"height:50px\" aria-hidden=\"true\" class=\"wp-block-spacer\"><\/div>         <div style=\"width: 100%;\" class=\"mobile products-container-two-product swiper\">   <div class=\"swiper-wrapper\">        <a class=\"swiper-slide\" href=\"https:\/\/www.beirut.com\/fr\/product\/the-beirut-hoodie\/\" aria-label=\"The Beirut Hoodie - English\" style=\"min-width: 66% !important;height:auto !important;\">      <div style=\"min-width: 90% !important;\" class=\"single-product-two-product\">       <div class=\"product-image-two-product lazy-load\" data-src=\"https:\/\/www.beirut.com\/wp-content\/uploads\/2024\/02\/IMG_7217-450x600.jpg\">       <\/div>       <div class=\"product-content-two-product\">        <h2 style=\"height: 45px;\">The Beirut Hoodie &#8211; English<\/h2>        <p>Fleece hoodie with a zipper, embroidered with the English Beirut.com logo on the left. <\/p>        <div class=\"price-container-two-product\">         Starting At <span class=\"woocommerce-Price-amount amount\"><bdi><span class=\"woocommerce-Price-currencySymbol\">&#36;<\/span>29<\/bdi><\/span>       <\/div>       <\/div>      <\/div>     <\/a>         <a class=\"swiper-slide\" href=\"https:\/\/www.beirut.com\/fr\/product\/the-beirut-hoodie-arabic\/\" aria-label=\"The \u0628\u064a\u0631\u0648\u062a Hoodie\" style=\"min-width: 66% !important;height:auto !important;\">      <div style=\"min-width: 90% !important;\" class=\"single-product-two-product\">       <div class=\"product-image-two-product lazy-load\" data-src=\"https:\/\/www.beirut.com\/wp-content\/uploads\/2024\/02\/IMG_7206-450x600.jpg\">       <\/div>       <div class=\"product-content-two-product\">        <h2 style=\"height: 45px;\">The \u0628\u064a\u0631\u0648\u062a Hoodie<\/h2>        <p>Fleece hoodie with a zipper, embroidered with the Arabic Beirut.com logo on the left. <\/p>        <div class=\"price-container-two-product\">         Starting At <span class=\"woocommerce-Price-amount amount\"><bdi><span class=\"woocommerce-Price-currencySymbol\">&#36;<\/span>29<\/bdi><\/span>       <\/div>       <\/div>      <\/div>     <\/a>       <\/div>   <div class=\"swiper-pagination\"><\/div>   <div class=\"swiper-button-prev\"><\/div>   <div class=\"swiper-button-next\"><\/div>  <\/div>   <div style=\"width: 100%;\" class=\"desktop products-container-two-product\">      <a style=\"min-width: calc(25% - 1.5rem); width:calc(25% - 1.5rem);\" href=\"https:\/\/www.beirut.com\/fr\/product\/the-beirut-hoodie\/\" aria-label=\"The Beirut Hoodie - English\">     <div style=\"min-width: 100% !important;\" class=\"single-product-two-product\">      <div class=\"product-image-two-product lazy-load\" data-src=\"https:\/\/www.beirut.com\/wp-content\/uploads\/2024\/02\/IMG_7217-450x600.jpg\">      <\/div>      <div class=\"product-content-two-product\">       <h2>The Beirut Hoodie &#8211; English<\/h2>       <p>Fleece hoodie with a zipper, embroidered with the English Beirut.com logo on the left. <\/p>       <div class=\"price-container-two-product\">        Starting At <span class=\"woocommerce-Price-amount amount\"><bdi><span class=\"woocommerce-Price-currencySymbol\">&#36;<\/span>29<\/bdi><\/span>      <\/div>      <\/div>     <\/div>    <\/a>       <a style=\"min-width: calc(25% - 1.5rem); width:calc(25% - 1.5rem);\" href=\"https:\/\/www.beirut.com\/fr\/product\/the-beirut-hoodie-arabic\/\" aria-label=\"The \u0628\u064a\u0631\u0648\u062a Hoodie\">     <div style=\"min-width: 100% !important;\" class=\"single-product-two-product\">      <div class=\"product-image-two-product lazy-load\" data-src=\"https:\/\/www.beirut.com\/wp-content\/uploads\/2024\/02\/IMG_7206-450x600.jpg\">      <\/div>      <div class=\"product-content-two-product\">       <h2>The \u0628\u064a\u0631\u0648\u062a Hoodie<\/h2>       <p>Fleece hoodie with a zipper, embroidered with the Arabic Beirut.com logo on the left. <\/p>       <div class=\"price-container-two-product\">        Starting At <span class=\"woocommerce-Price-amount amount\"><bdi><span class=\"woocommerce-Price-currencySymbol\">&#36;<\/span>29<\/bdi><\/span>      <\/div>      <\/div>     <\/div>    <\/a>       <\/div>      <p><\/p>    <p><\/p> ","protected":false},"excerpt":{"rendered":"<p>Beyrouth a longtemps \u00e9t\u00e9 un centre de la mode et de la cr\u00e9ativit\u00e9, mais la ville pourrait-elle enfin obtenir sa propre Semaine de la Mode officielle ? Voici ce que nous savons. Le Liban est pr\u00eat \u00e0 \u00e9lever son industrie de la mode avec le lancement de la F\u00e9d\u00e9ration Libanaise de la Mode. Le Conseil [&hellip;]<\/p>\n","protected":false},"author":102,"featured_media":744329,"comment_status":"closed","ping_status":"closed","sticky":false,"template":"","format":"standard","meta":{"_preview_accessed":0,"footnotes":""},"tags":[],"media-embed-type":[],"class_list":["post-744536","post","type-post","status-publish","format-standard","has-post-thumbnail","hentry","category-on-adore"],"authorship":[72],"yoast_head":"<!-- This site is optimized with the Yoast SEO Premium plugin v27.3 (Yoast SEO v27.3) - https:\/\/yoast.com\/product\/yoast-seo-premium-wordpress\/ -->\n<title>Beyrouth va-t-elle avoir sa propre Fashion Week? &#187; Beirut.com<\/title>\n<meta name=\"description\" content=\"Beyrouth a longtemps \u00e9t\u00e9 un centre de la mode et de la cr\u00e9ativit\u00e9, mais la ville pourrait-elle enfin obtenir sa propre Semaine de la Mode officielle ?\" \/>\n<meta name=\"robots\" content=\"index, follow, max-snippet:-1, max-image-preview:large, max-video-preview:-1\" \/>\n<link rel=\"canonical\" href=\"https:\/\/www.beirut.com\/fr\/744536\/beyrouth-va-t-elle-avoir-sa-propre-fashion-week\/\" \/>\n<meta property=\"og:locale\" content=\"fr_FR\" \/>\n<meta property=\"og:type\" content=\"article\" \/>\n<meta property=\"og:title\" content=\"Beyrouth va-t-elle avoir sa propre Fashion Week?\" \/>\n<meta property=\"og:description\" content=\"Beyrouth a longtemps \u00e9t\u00e9 un centre de la mode et de la cr\u00e9ativit\u00e9, mais la ville pourrait-elle enfin obtenir sa propre Semaine de la Mode officielle ?\" \/>\n<meta property=\"og:url\" content=\"https:\/\/www.beirut.com\/fr\/744536\/beyrouth-va-t-elle-avoir-sa-propre-fashion-week\/\" \/>\n<meta property=\"og:site_name\" content=\"Beirut.com\" \/>\n<meta property=\"article:publisher\" content=\"https:\/\/www.facebook.com\/beirutcityguide\" \/>\n<meta property=\"article:published_time\" content=\"2025-02-17T08:54:43+00:00\" \/>\n<meta property=\"article:modified_time\" content=\"2025-02-18T11:46:38+00:00\" \/>\n<meta property=\"og:image\" content=\"https:\/\/www.beirut.com\/wp-content\/uploads\/2025\/02\/bfw.jpg\" \/>\n\t<meta property=\"og:image:width\" content=\"1080\" \/>\n\t<meta property=\"og:image:height\" content=\"911\" \/>\n\t<meta property=\"og:image:type\" content=\"image\/jpeg\" \/>\n<meta name=\"author\" content=\"Lama Hajj\" \/>\n<meta name=\"twitter:card\" content=\"summary_large_image\" \/>\n<meta name=\"twitter:creator\" content=\"@beirutcityguide\" \/>\n<meta name=\"twitter:site\" content=\"@beirutcityguide\" \/>\n<meta name=\"twitter:label1\" content=\"\u00c9crit par\" \/>\n\t<meta name=\"twitter:data1\" content=\"Lama Hajj\" \/>\n\t<meta name=\"twitter:label2\" content=\"Dur\u00e9e de lecture estim\u00e9e\" \/>\n\t<meta name=\"twitter:data2\" content=\"2 minutes\" \/>\n<script type=\"application\/ld+json\" class=\"yoast-schema-graph\">{\"@context\":\"https:\\\/\\\/schema.org\",\"@graph\":[{\"@type\":\"Article\",\"@id\":\"https:\\\/\\\/www.beirut.com\\\/fr\\\/744536\\\/beyrouth-va-t-elle-avoir-sa-propre-fashion-week\\\/#article\",\"isPartOf\":{\"@id\":\"https:\\\/\\\/www.beirut.com\\\/fr\\\/744536\\\/beyrouth-va-t-elle-avoir-sa-propre-fashion-week\\\/\"},\"author\":{\"name\":\"Lama Hajj\",\"@id\":\"https:\\\/\\\/www.beirut.com\\\/ar\\\/#\\\/schema\\\/person\\\/97c22b1acf96bb062cb725fb93718ec7\"},\"headline\":\"Beyrouth va-t-elle avoir sa propre Fashion Week?\",\"datePublished\":\"2025-02-17T08:54:43+00:00\",\"dateModified\":\"2025-02-18T11:46:38+00:00\",\"mainEntityOfPage\":{\"@id\":\"https:\\\/\\\/www.beirut.com\\\/fr\\\/744536\\\/beyrouth-va-t-elle-avoir-sa-propre-fashion-week\\\/\"},\"wordCount\":324,\"publisher\":{\"@id\":\"https:\\\/\\\/www.beirut.com\\\/ar\\\/#organization\"},\"image\":{\"@id\":\"https:\\\/\\\/www.beirut.com\\\/fr\\\/744536\\\/beyrouth-va-t-elle-avoir-sa-propre-fashion-week\\\/#primaryimage\"},\"thumbnailUrl\":\"https:\\\/\\\/www.beirut.com\\\/wp-content\\\/uploads\\\/2025\\\/02\\\/bfw.jpg\",\"articleSection\":[\"On Adore\"],\"inLanguage\":\"fr-FR\"},{\"@type\":\"WebPage\",\"@id\":\"https:\\\/\\\/www.beirut.com\\\/fr\\\/744536\\\/beyrouth-va-t-elle-avoir-sa-propre-fashion-week\\\/\",\"url\":\"https:\\\/\\\/www.beirut.com\\\/fr\\\/744536\\\/beyrouth-va-t-elle-avoir-sa-propre-fashion-week\\\/\",\"name\":\"Beyrouth va-t-elle avoir sa propre Fashion Week? &#187; Beirut.com\",\"isPartOf\":{\"@id\":\"https:\\\/\\\/www.beirut.com\\\/ar\\\/#website\"},\"primaryImageOfPage\":{\"@id\":\"https:\\\/\\\/www.beirut.com\\\/fr\\\/744536\\\/beyrouth-va-t-elle-avoir-sa-propre-fashion-week\\\/#primaryimage\"},\"image\":{\"@id\":\"https:\\\/\\\/www.beirut.com\\\/fr\\\/744536\\\/beyrouth-va-t-elle-avoir-sa-propre-fashion-week\\\/#primaryimage\"},\"thumbnailUrl\":\"https:\\\/\\\/www.beirut.com\\\/wp-content\\\/uploads\\\/2025\\\/02\\\/bfw.jpg\",\"datePublished\":\"2025-02-17T08:54:43+00:00\",\"dateModified\":\"2025-02-18T11:46:38+00:00\",\"description\":\"Beyrouth a longtemps \u00e9t\u00e9 un centre de la mode et de la cr\u00e9ativit\u00e9, mais la ville pourrait-elle enfin obtenir sa propre Semaine de la Mode officielle ?\",\"breadcrumb\":{\"@id\":\"https:\\\/\\\/www.beirut.com\\\/fr\\\/744536\\\/beyrouth-va-t-elle-avoir-sa-propre-fashion-week\\\/#breadcrumb\"},\"inLanguage\":\"fr-FR\",\"potentialAction\":[{\"@type\":\"ReadAction\",\"target\":[\"https:\\\/\\\/www.beirut.com\\\/fr\\\/744536\\\/beyrouth-va-t-elle-avoir-sa-propre-fashion-week\\\/\"]}]},{\"@type\":\"ImageObject\",\"inLanguage\":\"fr-FR\",\"@id\":\"https:\\\/\\\/www.beirut.com\\\/fr\\\/744536\\\/beyrouth-va-t-elle-avoir-sa-propre-fashion-week\\\/#primaryimage\",\"url\":\"https:\\\/\\\/www.beirut.com\\\/wp-content\\\/uploads\\\/2025\\\/02\\\/bfw.jpg\",\"contentUrl\":\"https:\\\/\\\/www.beirut.com\\\/wp-content\\\/uploads\\\/2025\\\/02\\\/bfw.jpg\",\"width\":1080,\"height\":911,\"caption\":\"Is Beirut Going to Have Its Own Fashion Week?\"},{\"@type\":\"BreadcrumbList\",\"@id\":\"https:\\\/\\\/www.beirut.com\\\/fr\\\/744536\\\/beyrouth-va-t-elle-avoir-sa-propre-fashion-week\\\/#breadcrumb\",\"itemListElement\":[{\"@type\":\"ListItem\",\"position\":1,\"name\":\"Home\",\"item\":\"https:\\\/\\\/www.beirut.com\\\/ar\\\/\"},{\"@type\":\"ListItem\",\"position\":2,\"name\":\"Beyrouth va-t-elle avoir sa propre Fashion Week?\"}]},{\"@type\":\"WebSite\",\"@id\":\"https:\\\/\\\/www.beirut.com\\\/ar\\\/#website\",\"url\":\"https:\\\/\\\/www.beirut.com\\\/ar\\\/\",\"name\":\"Beirut.com\",\"description\":\"Beirut.com est votre guide de Liban, avec les meilleures adresses de gastronomie, culture, quartiers et nouveaut\u00e9s. D\u00e9couvrez o\u00f9 aller et tomber amoureux.\",\"publisher\":{\"@id\":\"https:\\\/\\\/www.beirut.com\\\/ar\\\/#organization\"},\"potentialAction\":[{\"@type\":\"SearchAction\",\"target\":{\"@type\":\"EntryPoint\",\"urlTemplate\":\"https:\\\/\\\/www.beirut.com\\\/ar\\\/?s={search_term_string}\"},\"query-input\":{\"@type\":\"PropertyValueSpecification\",\"valueRequired\":true,\"valueName\":\"search_term_string\"}}],\"inLanguage\":\"fr-FR\"},{\"@type\":\"Organization\",\"@id\":\"https:\\\/\\\/www.beirut.com\\\/ar\\\/#organization\",\"name\":\"Beirut.com, SA\",\"url\":\"https:\\\/\\\/www.beirut.com\\\/ar\\\/\",\"logo\":{\"@type\":\"ImageObject\",\"inLanguage\":\"fr-FR\",\"@id\":\"https:\\\/\\\/www.beirut.com\\\/ar\\\/#\\\/schema\\\/logo\\\/image\\\/\",\"url\":\"https:\\\/\\\/www.beirut.com\\\/wp-content\\\/uploads\\\/2023\\\/04\\\/Beirut.com-Logo-scaled.jpg\",\"contentUrl\":\"https:\\\/\\\/www.beirut.com\\\/wp-content\\\/uploads\\\/2023\\\/04\\\/Beirut.com-Logo-scaled.jpg\",\"width\":2560,\"height\":1044,\"caption\":\"Beirut.com, SA\"},\"image\":{\"@id\":\"https:\\\/\\\/www.beirut.com\\\/ar\\\/#\\\/schema\\\/logo\\\/image\\\/\"},\"sameAs\":[\"https:\\\/\\\/www.facebook.com\\\/beirutcityguide\",\"https:\\\/\\\/x.com\\\/beirutcityguide\"]},{\"@type\":\"Person\",\"@id\":\"https:\\\/\\\/www.beirut.com\\\/ar\\\/#\\\/schema\\\/person\\\/97c22b1acf96bb062cb725fb93718ec7\",\"name\":\"Lama Hajj\",\"image\":{\"@type\":\"ImageObject\",\"inLanguage\":\"fr-FR\",\"@id\":\"https:\\\/\\\/secure.gravatar.com\\\/avatar\\\/67b10c42971f974a243c63fd7a0bca9223dece8ed2c04f9bbac90887efda1dd5?s=96&d=mm&r=g\",\"url\":\"https:\\\/\\\/secure.gravatar.com\\\/avatar\\\/67b10c42971f974a243c63fd7a0bca9223dece8ed2c04f9bbac90887efda1dd5?s=96&d=mm&r=g\",\"contentUrl\":\"https:\\\/\\\/secure.gravatar.com\\\/avatar\\\/67b10c42971f974a243c63fd7a0bca9223dece8ed2c04f9bbac90887efda1dd5?s=96&d=mm&r=g\",\"caption\":\"Lama Hajj\"},\"description\":\"Born and raised in Beirut, Lama is interested in food, alcohol, and history. She's an avid hater of camping. She started out as an enthusiastic writer for Beirut.com, writing about everything from food to culture - actually, just those two things. As of July 2015, Lama heads up the Beirut.com staff as Executive Editor.\",\"url\":\"https:\\\/\\\/www.beirut.com\\\/fr\\\/author\\\/lama_hajj\\\/\"}]}<\/script>\n<!-- \/ Yoast SEO Premium plugin. -->","yoast_head_json":{"title":"Beyrouth va-t-elle avoir sa propre Fashion Week? &#187; Beirut.com","description":"Beyrouth a longtemps \u00e9t\u00e9 un centre de la mode et de la cr\u00e9ativit\u00e9, mais la ville pourrait-elle enfin obtenir sa propre Semaine de la Mode officielle ?","robots":{"index":"index","follow":"follow","max-snippet":"max-snippet:-1","max-image-preview":"max-image-preview:large","max-video-preview":"max-video-preview:-1"},"canonical":"https:\/\/www.beirut.com\/fr\/744536\/beyrouth-va-t-elle-avoir-sa-propre-fashion-week\/","og_locale":"fr_FR","og_type":"article","og_title":"Beyrouth va-t-elle avoir sa propre Fashion Week?","og_description":"Beyrouth a longtemps \u00e9t\u00e9 un centre de la mode et de la cr\u00e9ativit\u00e9, mais la ville pourrait-elle enfin obtenir sa propre Semaine de la Mode officielle ?","og_url":"https:\/\/www.beirut.com\/fr\/744536\/beyrouth-va-t-elle-avoir-sa-propre-fashion-week\/","og_site_name":"Beirut.com","article_publisher":"https:\/\/www.facebook.com\/beirutcityguide","article_published_time":"2025-02-17T08:54:43+00:00","article_modified_time":"2025-02-18T11:46:38+00:00","og_image":[{"width":1080,"height":911,"url":"https:\/\/www.beirut.com\/wp-content\/uploads\/2025\/02\/bfw.jpg","type":"image\/jpeg"}],"author":"Lama Hajj","twitter_card":"summary_large_image","twitter_creator":"@beirutcityguide","twitter_site":"@beirutcityguide","twitter_misc":{"\u00c9crit par":"Lama Hajj","Dur\u00e9e de lecture estim\u00e9e":"2 minutes"},"schema":{"@context":"https:\/\/schema.org","@graph":[{"@type":"Article","@id":"https:\/\/www.beirut.com\/fr\/744536\/beyrouth-va-t-elle-avoir-sa-propre-fashion-week\/#article","isPartOf":{"@id":"https:\/\/www.beirut.com\/fr\/744536\/beyrouth-va-t-elle-avoir-sa-propre-fashion-week\/"},"author":{"name":"Lama Hajj","@id":"https:\/\/www.beirut.com\/ar\/#\/schema\/person\/97c22b1acf96bb062cb725fb93718ec7"},"headline":"Beyrouth va-t-elle avoir sa propre Fashion Week?","datePublished":"2025-02-17T08:54:43+00:00","dateModified":"2025-02-18T11:46:38+00:00","mainEntityOfPage":{"@id":"https:\/\/www.beirut.com\/fr\/744536\/beyrouth-va-t-elle-avoir-sa-propre-fashion-week\/"},"wordCount":324,"publisher":{"@id":"https:\/\/www.beirut.com\/ar\/#organization"},"image":{"@id":"https:\/\/www.beirut.com\/fr\/744536\/beyrouth-va-t-elle-avoir-sa-propre-fashion-week\/#primaryimage"},"thumbnailUrl":"https:\/\/www.beirut.com\/wp-content\/uploads\/2025\/02\/bfw.jpg","articleSection":["On Adore"],"inLanguage":"fr-FR"},{"@type":"WebPage","@id":"https:\/\/www.beirut.com\/fr\/744536\/beyrouth-va-t-elle-avoir-sa-propre-fashion-week\/","url":"https:\/\/www.beirut.com\/fr\/744536\/beyrouth-va-t-elle-avoir-sa-propre-fashion-week\/","name":"Beyrouth va-t-elle avoir sa propre Fashion Week? &#187; Beirut.com","isPartOf":{"@id":"https:\/\/www.beirut.com\/ar\/#website"},"primaryImageOfPage":{"@id":"https:\/\/www.beirut.com\/fr\/744536\/beyrouth-va-t-elle-avoir-sa-propre-fashion-week\/#primaryimage"},"image":{"@id":"https:\/\/www.beirut.com\/fr\/744536\/beyrouth-va-t-elle-avoir-sa-propre-fashion-week\/#primaryimage"},"thumbnailUrl":"https:\/\/www.beirut.com\/wp-content\/uploads\/2025\/02\/bfw.jpg","datePublished":"2025-02-17T08:54:43+00:00","dateModified":"2025-02-18T11:46:38+00:00","description":"Beyrouth a longtemps \u00e9t\u00e9 un centre de la mode et de la cr\u00e9ativit\u00e9, mais la ville pourrait-elle enfin obtenir sa propre Semaine de la Mode officielle ?","breadcrumb":{"@id":"https:\/\/www.beirut.com\/fr\/744536\/beyrouth-va-t-elle-avoir-sa-propre-fashion-week\/#breadcrumb"},"inLanguage":"fr-FR","potentialAction":[{"@type":"ReadAction","target":["https:\/\/www.beirut.com\/fr\/744536\/beyrouth-va-t-elle-avoir-sa-propre-fashion-week\/"]}]},{"@type":"ImageObject","inLanguage":"fr-FR","@id":"https:\/\/www.beirut.com\/fr\/744536\/beyrouth-va-t-elle-avoir-sa-propre-fashion-week\/#primaryimage","url":"https:\/\/www.beirut.com\/wp-content\/uploads\/2025\/02\/bfw.jpg","contentUrl":"https:\/\/www.beirut.com\/wp-content\/uploads\/2025\/02\/bfw.jpg","width":1080,"height":911,"caption":"Is Beirut Going to Have Its Own Fashion Week?"},{"@type":"BreadcrumbList","@id":"https:\/\/www.beirut.com\/fr\/744536\/beyrouth-va-t-elle-avoir-sa-propre-fashion-week\/#breadcrumb","itemListElement":[{"@type":"ListItem","position":1,"name":"Home","item":"https:\/\/www.beirut.com\/ar\/"},{"@type":"ListItem","position":2,"name":"Beyrouth va-t-elle avoir sa propre Fashion Week?"}]},{"@type":"WebSite","@id":"https:\/\/www.beirut.com\/ar\/#website","url":"https:\/\/www.beirut.com\/ar\/","name":"Beirut.com","description":"Beirut.com est votre guide de Liban, avec les meilleures adresses de gastronomie, culture, quartiers et nouveaut\u00e9s. D\u00e9couvrez o\u00f9 aller et tomber amoureux.","publisher":{"@id":"https:\/\/www.beirut.com\/ar\/#organization"},"potentialAction":[{"@type":"SearchAction","target":{"@type":"EntryPoint","urlTemplate":"https:\/\/www.beirut.com\/ar\/?s={search_term_string}"},"query-input":{"@type":"PropertyValueSpecification","valueRequired":true,"valueName":"search_term_string"}}],"inLanguage":"fr-FR"},{"@type":"Organization","@id":"https:\/\/www.beirut.com\/ar\/#organization","name":"Beirut.com, SA","url":"https:\/\/www.beirut.com\/ar\/","logo":{"@type":"ImageObject","inLanguage":"fr-FR","@id":"https:\/\/www.beirut.com\/ar\/#\/schema\/logo\/image\/","url":"https:\/\/www.beirut.com\/wp-content\/uploads\/2023\/04\/Beirut.com-Logo-scaled.jpg","contentUrl":"https:\/\/www.beirut.com\/wp-content\/uploads\/2023\/04\/Beirut.com-Logo-scaled.jpg","width":2560,"height":1044,"caption":"Beirut.com, SA"},"image":{"@id":"https:\/\/www.beirut.com\/ar\/#\/schema\/logo\/image\/"},"sameAs":["https:\/\/www.facebook.com\/beirutcityguide","https:\/\/x.com\/beirutcityguide"]},{"@type":"Person","@id":"https:\/\/www.beirut.com\/ar\/#\/schema\/person\/97c22b1acf96bb062cb725fb93718ec7","name":"Lama Hajj","image":{"@type":"ImageObject","inLanguage":"fr-FR","@id":"https:\/\/secure.gravatar.com\/avatar\/67b10c42971f974a243c63fd7a0bca9223dece8ed2c04f9bbac90887efda1dd5?s=96&d=mm&r=g","url":"https:\/\/secure.gravatar.com\/avatar\/67b10c42971f974a243c63fd7a0bca9223dece8ed2c04f9bbac90887efda1dd5?s=96&d=mm&r=g","contentUrl":"https:\/\/secure.gravatar.com\/avatar\/67b10c42971f974a243c63fd7a0bca9223dece8ed2c04f9bbac90887efda1dd5?s=96&d=mm&r=g","caption":"Lama Hajj"},"description":"Born and raised in Beirut, Lama is interested in food, alcohol, and history. She's an avid hater of camping. She started out as an enthusiastic writer for Beirut.com, writing about everything from food to culture - actually, just those two things. As of July 2015, Lama heads up the Beirut.com staff as Executive Editor.","url":"https:\/\/www.beirut.com\/fr\/author\/lama_hajj\/"}]}},"_links":{"self":[{"href":"https:\/\/www.beirut.com\/fr\/wp-json\/wp\/v2\/posts\/744536","targetHints":{"allow":["GET"]}}],"collection":[{"href":"https:\/\/www.beirut.com\/fr\/wp-json\/wp\/v2\/posts"}],"about":[{"href":"https:\/\/www.beirut.com\/fr\/wp-json\/wp\/v2\/types\/post"}],"author":[{"embeddable":true,"href":"https:\/\/www.beirut.com\/fr\/wp-json\/wp\/v2\/users\/102"}],"replies":[{"embeddable":true,"href":"https:\/\/www.beirut.com\/fr\/wp-json\/wp\/v2\/comments?post=744536"}],"version-history":[{"count":1,"href":"https:\/\/www.beirut.com\/fr\/wp-json\/wp\/v2\/posts\/744536\/revisions"}],"predecessor-version":[{"id":744538,"href":"https:\/\/www.beirut.com\/fr\/wp-json\/wp\/v2\/posts\/744536\/revisions\/744538"}],"wp:authorship":[{"embeddable":true,"href":"https:\/\/www.beirut.com\/fr\/wp-json\/wp\/v2\/users\/72"}],"wp:featuredmedia":[{"embeddable":true,"href":"https:\/\/www.beirut.com\/fr\/wp-json\/wp\/v2\/media\/744329"}],"wp:attachment":[{"href":"https:\/\/www.beirut.com\/fr\/wp-json\/wp\/v2\/media?parent=744536"}],"wp:term":[{"taxonomy":"post_tag","embeddable":true,"href":"https:\/\/www.beirut.com\/fr\/wp-json\/wp\/v2\/tags?post=744536"},{"taxonomy":"media-embed-type","embeddable":true,"href":"https:\/\/www.beirut.com\/fr\/wp-json\/wp\/v2\/media-embed-type?post=744536"}],"curies":[{"name":"wp","href":"https:\/\/api.w.org\/{rel}","templated":true}]}}