{"id":745889,"date":"2025-03-03T09:02:59","date_gmt":"2025-03-03T09:02:59","guid":{"rendered":"https:\/\/www.beirut.com\/?p=745889"},"modified":"2025-03-03T10:33:33","modified_gmt":"2025-03-03T10:33:33","slug":"les-designers-libanais-aux-oscars-les-looks-eblouissants-qui-ont-vole-la-vedette","status":"publish","type":"post","link":"https:\/\/www.beirut.com\/fr\/745889\/les-designers-libanais-aux-oscars-les-looks-eblouissants-qui-ont-vole-la-vedette\/","title":{"rendered":"Les Designers Libanais aux Oscars : les Looks \u00c9blouissants qui Ont Vol\u00e9 la Vedette"},"content":{"rendered":" <p>Nous ne nous int\u00e9ressons aux tapis rouges et aux \u00e9v\u00e9nements majeurs que lorsqu&#8217;il y a des designers libanais qui font des apparitions \u00e9blouissantes. Et bien s\u00fbr, les Oscars \u00e9taient remplis de looks \u00e9poustouflants par certains de nos designers libanais pr\u00e9f\u00e9r\u00e9s. <strong>Voici tous les looks \u00e9poustouflants qui ont vol\u00e9 la vedette !<\/strong><\/p>    <div style=\"height:50px\" aria-hidden=\"true\" class=\"wp-block-spacer\"><\/div>    <h3 class=\"wp-block-heading\" id=\"h-elie-saab\"><strong>Elie Saab<\/strong><\/h3>    <p><\/p>    <p><strong>Mindy Kaling<\/strong> dans une robe \u00e9tincelante Elie Saab Haute Couture.<a href=\"https:\/\/www.threads.net\/@mindykaling?xmt=AQGzfCDQTnokRVL3uerzBX1VPFPcIIg_yfM-dpFsILQUofs\" target=\"_blank\" rel=\"noreferrer noopener\"><\/a><\/p>    <p><\/p>   <iframe title=\"Embedded Instagram Post\" allowtransparency=\"true\" allowfullscreen=\"true\" frameborder=\"0\" height=\"532\" data-src=\"https:\/\/www.instagram.com\/p\/DGukq2LO2aV\/embed\/\" scrolling=\"no\" style=\"background: white; max-width: 540px; width: calc(100% - 2px); border-radius: 3px; border: 1px solid rgb(219, 219, 219); box-shadow: none; display: block; margin: 12px 0px 12px !important; min-width: 326px; padding: 0px;\"><\/iframe>   <div style=\"height:30px\" aria-hidden=\"true\" class=\"wp-block-spacer\"><\/div>    <p><strong>Sofia Carson<\/strong> dans une robe Haute Couture d&#8217;Elie Saab de sa collection Printemps \u00c9t\u00e9 2025.<\/p>    <p><\/p>   <iframe title=\"Embedded Instagram Post\" allowtransparency=\"true\" allowfullscreen=\"true\" frameborder=\"0\" height=\"532\" data-src=\"https:\/\/www.instagram.com\/p\/DGuffPQxqq2\/embed\/\" scrolling=\"no\" style=\"background: white; max-width: 540px; width: calc(100% - 2px); border-radius: 3px; border: 1px solid rgb(219, 219, 219); box-shadow: none; display: block; margin: 12px 0px 12px !important; min-width: 326px; padding: 0px;\"><\/iframe>   <div style=\"height:30px\" aria-hidden=\"true\" class=\"wp-block-spacer\"><\/div>    <p><strong>Connie Nielsen<\/strong> dans une robe de haute couture Elie Saab printemps-\u00e9t\u00e9 2025.<\/p>    <p><\/p>   <iframe title=\"Embedded Instagram Post\" allowtransparency=\"true\" allowfullscreen=\"true\" frameborder=\"0\" height=\"532\" data-src=\"https:\/\/www.instagram.com\/p\/DGuBsiwo2u3\/embed\/\" scrolling=\"no\" style=\"background: white; max-width: 540px; width: calc(100% - 2px); border-radius: 3px; border: 1px solid rgb(219, 219, 219); box-shadow: none; display: block; margin: 12px 0px 12px !important; min-width: 326px; padding: 0px;\"><\/iframe>   <p><\/p>    <p><strong>Annabelle Wallis<\/strong> dans une robe Elie Saab Pr\u00e9-automne 2025.<\/p>    <p><\/p>   <iframe title=\"Embedded Instagram Post\" allowtransparency=\"true\" allowfullscreen=\"true\" frameborder=\"0\" height=\"532\" data-src=\"https:\/\/www.instagram.com\/p\/DGuDpg-oNtN\/embed\/\" scrolling=\"no\" style=\"background: white; max-width: 540px; width: calc(100% - 2px); border-radius: 3px; border: 1px solid rgb(219, 219, 219); box-shadow: none; display: block; margin: 12px 0px 12px !important; min-width: 326px; padding: 0px;\"><\/iframe>   <div style=\"height:50px\" aria-hidden=\"true\" class=\"wp-block-spacer\"><\/div>    <h3 class=\"wp-block-heading\" id=\"h-tony-ward\">Tony Ward<\/h3>    <p><\/p>    <p><strong>Alessandra Ambrosio<\/strong> dans une robe de couture d&#8217;archives de Tony Ward.<\/p>    <p><\/p>   <iframe title=\"Embedded Instagram Post\" allowtransparency=\"true\" allowfullscreen=\"true\" frameborder=\"0\" height=\"532\" data-src=\"https:\/\/www.instagram.com\/p\/DGuqHejNw6I\/embed\/\" scrolling=\"no\" style=\"background: white; max-width: 540px; width: calc(100% - 2px); border-radius: 3px; border: 1px solid rgb(219, 219, 219); box-shadow: none; display: block; margin: 12px 0px 12px !important; min-width: 326px; padding: 0px;\"><\/iframe>   <div style=\"height:50px\" aria-hidden=\"true\" class=\"wp-block-spacer\"><\/div>    <h3 class=\"wp-block-heading\" id=\"h-zuhair-mrad\">Zuhair Mrad<\/h3>    <p><\/p>    <p><strong>Kelly Ripa<\/strong> dans la collection Pr\u00eat-\u00e0-Porter Resort 2025 de Zuhair Murad.<\/p>    <p><\/p>   <iframe title=\"Embedded Instagram Post\" allowtransparency=\"true\" allowfullscreen=\"true\" frameborder=\"0\" height=\"532\" data-src=\"https:\/\/www.instagram.com\/p\/DGtzNm8Nfq_\/embed\/\" scrolling=\"no\" style=\"background: white; max-width: 540px; width: calc(100% - 2px); border-radius: 3px; border: 1px solid rgb(219, 219, 219); box-shadow: none; display: block; margin: 12px 0px 12px !important; min-width: 326px; padding: 0px;\"><\/iframe>   <div style=\"height:30px\" aria-hidden=\"true\" class=\"wp-block-spacer\"><\/div>    <p><strong>Keleigh Teller<\/strong> dans la collection Pr\u00eat-\u00e0-Porter Automne 2024 de Zuhair Murad.<\/p>    <p><\/p>   <iframe title=\"Embedded Instagram Post\" allowtransparency=\"true\" allowfullscreen=\"true\" frameborder=\"0\" height=\"532\" data-src=\"https:\/\/www.instagram.com\/p\/DGt18yGN3Ey\/embed\/\" scrolling=\"no\" style=\"background: white; max-width: 540px; width: calc(100% - 2px); border-radius: 3px; border: 1px solid rgb(219, 219, 219); box-shadow: none; display: block; margin: 12px 0px 12px !important; min-width: 326px; padding: 0px;\"><\/iframe>   <div style=\"height:50px\" aria-hidden=\"true\" class=\"wp-block-spacer\"><\/div>    <h3 class=\"wp-block-heading\" id=\"h-georges-hobeika\">Georges Hobeika<\/h3>    <p><\/p>    <p><strong>Dove Cameron<\/strong> dans une robe Georges Hobeika de la collection Printemps \u00c9t\u00e9 2025.<\/p>    <p><\/p>   <iframe title=\"Embedded Instagram Post\" allowtransparency=\"true\" allowfullscreen=\"true\" frameborder=\"0\" height=\"532\" data-src=\"https:\/\/www.instagram.com\/p\/DGulOIXIL0s\/embed\/\" scrolling=\"no\" style=\"background: white; max-width: 540px; width: calc(100% - 2px); border-radius: 3px; border: 1px solid rgb(219, 219, 219); box-shadow: none; display: block; margin: 12px 0px 12px !important; min-width: 326px; padding: 0px;\"><\/iframe>   <div style=\"height:50px\" aria-hidden=\"true\" class=\"wp-block-spacer\"><\/div>    <p class=\"has-background\" style=\"background:linear-gradient(135deg,rgb(255,245,203) 0%,rgb(182,227,212) 100%,rgb(51,167,181) 100%);font-size:17px\"><strong>Obs\u00e9d\u00e9 par ces looks de designers libanais aux Oscars\u00a0? Assurez-vous de consulter la section <a href=\"https:\/\/www.beirut.com\/en\/tag\/lebanese-designers\/\" target=\"_blank\" rel=\"noreferrer noopener\">#Designers libanais<\/a> sur notre site Web.<\/strong><\/p>    <div style=\"height:50px\" aria-hidden=\"true\" class=\"wp-block-spacer\"><\/div>         <div style=\"width: 100%;\" class=\"mobile products-container-two-product swiper\">   <div class=\"swiper-wrapper\">        <a class=\"swiper-slide\" href=\"https:\/\/www.beirut.com\/fr\/product\/the-beirut-hoodie\/\" aria-label=\"The Beirut Hoodie - English\" style=\"min-width: 66% !important;height:auto !important;\">      <div style=\"min-width: 90% !important;\" class=\"single-product-two-product\">       <div class=\"product-image-two-product lazy-load\" data-src=\"https:\/\/www.beirut.com\/wp-content\/uploads\/2024\/02\/IMG_7217-450x600.jpg\">       <\/div>       <div class=\"product-content-two-product\">        <h2 style=\"height: 45px;\">The Beirut Hoodie &#8211; English<\/h2>        <p>Fleece hoodie with a zipper, embroidered with the English Beirut.com logo on the left. <\/p>        <div class=\"price-container-two-product\">         Starting At <span class=\"woocommerce-Price-amount amount\"><bdi><span class=\"woocommerce-Price-currencySymbol\">&#36;<\/span>29<\/bdi><\/span>       <\/div>       <\/div>      <\/div>     <\/a>         <a class=\"swiper-slide\" href=\"https:\/\/www.beirut.com\/fr\/product\/the-beirut-hoodie-arabic\/\" aria-label=\"The \u0628\u064a\u0631\u0648\u062a Hoodie\" style=\"min-width: 66% !important;height:auto !important;\">      <div style=\"min-width: 90% !important;\" class=\"single-product-two-product\">       <div class=\"product-image-two-product lazy-load\" data-src=\"https:\/\/www.beirut.com\/wp-content\/uploads\/2024\/02\/IMG_7206-450x600.jpg\">       <\/div>       <div class=\"product-content-two-product\">        <h2 style=\"height: 45px;\">The \u0628\u064a\u0631\u0648\u062a Hoodie<\/h2>        <p>Fleece hoodie with a zipper, embroidered with the Arabic Beirut.com logo on the left. <\/p>        <div class=\"price-container-two-product\">         Starting At <span class=\"woocommerce-Price-amount amount\"><bdi><span class=\"woocommerce-Price-currencySymbol\">&#36;<\/span>29<\/bdi><\/span>       <\/div>       <\/div>      <\/div>     <\/a>       <\/div>   <div class=\"swiper-pagination\"><\/div>   <div class=\"swiper-button-prev\"><\/div>   <div class=\"swiper-button-next\"><\/div>  <\/div>   <div style=\"width: 100%;\" class=\"desktop products-container-two-product\">      <a style=\"min-width: calc(25% - 1.5rem); width:calc(25% - 1.5rem);\" href=\"https:\/\/www.beirut.com\/fr\/product\/the-beirut-hoodie\/\" aria-label=\"The Beirut Hoodie - English\">     <div style=\"min-width: 100% !important;\" class=\"single-product-two-product\">      <div class=\"product-image-two-product lazy-load\" data-src=\"https:\/\/www.beirut.com\/wp-content\/uploads\/2024\/02\/IMG_7217-450x600.jpg\">      <\/div>      <div class=\"product-content-two-product\">       <h2>The Beirut Hoodie &#8211; English<\/h2>       <p>Fleece hoodie with a zipper, embroidered with the English Beirut.com logo on the left. <\/p>       <div class=\"price-container-two-product\">        Starting At <span class=\"woocommerce-Price-amount amount\"><bdi><span class=\"woocommerce-Price-currencySymbol\">&#36;<\/span>29<\/bdi><\/span>      <\/div>      <\/div>     <\/div>    <\/a>       <a style=\"min-width: calc(25% - 1.5rem); width:calc(25% - 1.5rem);\" href=\"https:\/\/www.beirut.com\/fr\/product\/the-beirut-hoodie-arabic\/\" aria-label=\"The \u0628\u064a\u0631\u0648\u062a Hoodie\">     <div style=\"min-width: 100% !important;\" class=\"single-product-two-product\">      <div class=\"product-image-two-product lazy-load\" data-src=\"https:\/\/www.beirut.com\/wp-content\/uploads\/2024\/02\/IMG_7206-450x600.jpg\">      <\/div>      <div class=\"product-content-two-product\">       <h2>The \u0628\u064a\u0631\u0648\u062a Hoodie<\/h2>       <p>Fleece hoodie with a zipper, embroidered with the Arabic Beirut.com logo on the left. <\/p>       <div class=\"price-container-two-product\">        Starting At <span class=\"woocommerce-Price-amount amount\"><bdi><span class=\"woocommerce-Price-currencySymbol\">&#36;<\/span>29<\/bdi><\/span>      <\/div>      <\/div>     <\/div>    <\/a>       <\/div>   ","protected":false},"excerpt":{"rendered":"<p>Nous ne nous int\u00e9ressons aux tapis rouges et aux \u00e9v\u00e9nements majeurs que lorsqu&#8217;il y a des designers libanais qui font des apparitions \u00e9blouissantes. Et bien s\u00fbr, les Oscars \u00e9taient remplis de looks \u00e9poustouflants par certains de nos designers libanais pr\u00e9f\u00e9r\u00e9s. Voici tous les looks \u00e9poustouflants qui ont vol\u00e9 la vedette ! Elie Saab Mindy Kaling [&hellip;]<\/p>\n","protected":false},"author":102,"featured_media":745866,"comment_status":"closed","ping_status":"closed","sticky":false,"template":"","format":"standard","meta":{"_preview_accessed":0,"footnotes":""},"tags":[],"media-embed-type":[],"class_list":["post-745889","post","type-post","status-publish","format-standard","has-post-thumbnail","hentry","category-on-adore"],"authorship":[56],"yoast_head":"<!-- This site is optimized with the Yoast SEO Premium plugin v27.3 (Yoast SEO v27.3) - https:\/\/yoast.com\/product\/yoast-seo-premium-wordpress\/ -->\n<title>Les Designers Libanais aux Oscars : les Looks \u00c9blouissants qui Ont Vol\u00e9 la Vedette &#187; Beirut.com<\/title>\n<meta name=\"description\" content=\"Et bien s\u00fbr, les Oscars \u00e9taient remplis de looks \u00e9poustouflants par certains de nos designers libanais pr\u00e9f\u00e9r\u00e9s.\" \/>\n<meta name=\"robots\" content=\"index, follow, max-snippet:-1, max-image-preview:large, max-video-preview:-1\" \/>\n<link rel=\"canonical\" href=\"https:\/\/www.beirut.com\/fr\/745889\/les-designers-libanais-aux-oscars-les-looks-eblouissants-qui-ont-vole-la-vedette\/\" \/>\n<meta property=\"og:locale\" content=\"fr_FR\" \/>\n<meta property=\"og:type\" content=\"article\" \/>\n<meta property=\"og:title\" content=\"Les Designers Libanais aux Oscars : les Looks \u00c9blouissants qui Ont Vol\u00e9 la Vedette\" \/>\n<meta property=\"og:description\" content=\"Et bien s\u00fbr, les Oscars \u00e9taient remplis de looks \u00e9poustouflants par certains de nos designers libanais pr\u00e9f\u00e9r\u00e9s.\" \/>\n<meta property=\"og:url\" content=\"https:\/\/www.beirut.com\/fr\/745889\/les-designers-libanais-aux-oscars-les-looks-eblouissants-qui-ont-vole-la-vedette\/\" \/>\n<meta property=\"og:site_name\" content=\"Beirut.com\" \/>\n<meta property=\"article:publisher\" content=\"https:\/\/www.facebook.com\/beirutcityguide\" \/>\n<meta property=\"article:published_time\" content=\"2025-03-03T09:02:59+00:00\" \/>\n<meta property=\"article:modified_time\" content=\"2025-03-03T10:33:33+00:00\" \/>\n<meta property=\"og:image\" content=\"https:\/\/www.beirut.com\/wp-content\/uploads\/2025\/03\/oscars-2025.jpg\" \/>\n\t<meta property=\"og:image:width\" content=\"2440\" \/>\n\t<meta property=\"og:image:height\" content=\"1502\" \/>\n\t<meta property=\"og:image:type\" content=\"image\/jpeg\" \/>\n<meta name=\"author\" content=\"Lama Hajj\" \/>\n<meta name=\"twitter:card\" content=\"summary_large_image\" \/>\n<meta name=\"twitter:creator\" content=\"@beirutcityguide\" \/>\n<meta name=\"twitter:site\" content=\"@beirutcityguide\" \/>\n<meta name=\"twitter:label1\" content=\"\u00c9crit par\" \/>\n\t<meta name=\"twitter:data1\" content=\"Lama Hajj\" \/>\n\t<meta name=\"twitter:label2\" content=\"Dur\u00e9e de lecture estim\u00e9e\" \/>\n\t<meta name=\"twitter:data2\" content=\"1 minute\" \/>\n<script type=\"application\/ld+json\" class=\"yoast-schema-graph\">{\"@context\":\"https:\\\/\\\/schema.org\",\"@graph\":[{\"@type\":\"Article\",\"@id\":\"https:\\\/\\\/www.beirut.com\\\/fr\\\/745889\\\/les-designers-libanais-aux-oscars-les-looks-eblouissants-qui-ont-vole-la-vedette\\\/#article\",\"isPartOf\":{\"@id\":\"https:\\\/\\\/www.beirut.com\\\/fr\\\/745889\\\/les-designers-libanais-aux-oscars-les-looks-eblouissants-qui-ont-vole-la-vedette\\\/\"},\"author\":{\"name\":\"Lama Hajj\",\"@id\":\"https:\\\/\\\/www.beirut.com\\\/ar\\\/#\\\/schema\\\/person\\\/97c22b1acf96bb062cb725fb93718ec7\"},\"headline\":\"Les Designers Libanais aux Oscars : les Looks \u00c9blouissants qui Ont Vol\u00e9 la Vedette\",\"datePublished\":\"2025-03-03T09:02:59+00:00\",\"dateModified\":\"2025-03-03T10:33:33+00:00\",\"mainEntityOfPage\":{\"@id\":\"https:\\\/\\\/www.beirut.com\\\/fr\\\/745889\\\/les-designers-libanais-aux-oscars-les-looks-eblouissants-qui-ont-vole-la-vedette\\\/\"},\"wordCount\":193,\"publisher\":{\"@id\":\"https:\\\/\\\/www.beirut.com\\\/ar\\\/#organization\"},\"image\":{\"@id\":\"https:\\\/\\\/www.beirut.com\\\/fr\\\/745889\\\/les-designers-libanais-aux-oscars-les-looks-eblouissants-qui-ont-vole-la-vedette\\\/#primaryimage\"},\"thumbnailUrl\":\"https:\\\/\\\/www.beirut.com\\\/wp-content\\\/uploads\\\/2025\\\/03\\\/oscars-2025.jpg\",\"articleSection\":[\"On Adore\"],\"inLanguage\":\"fr-FR\"},{\"@type\":\"WebPage\",\"@id\":\"https:\\\/\\\/www.beirut.com\\\/fr\\\/745889\\\/les-designers-libanais-aux-oscars-les-looks-eblouissants-qui-ont-vole-la-vedette\\\/\",\"url\":\"https:\\\/\\\/www.beirut.com\\\/fr\\\/745889\\\/les-designers-libanais-aux-oscars-les-looks-eblouissants-qui-ont-vole-la-vedette\\\/\",\"name\":\"Les Designers Libanais aux Oscars : les Looks \u00c9blouissants qui Ont Vol\u00e9 la Vedette &#187; Beirut.com\",\"isPartOf\":{\"@id\":\"https:\\\/\\\/www.beirut.com\\\/ar\\\/#website\"},\"primaryImageOfPage\":{\"@id\":\"https:\\\/\\\/www.beirut.com\\\/fr\\\/745889\\\/les-designers-libanais-aux-oscars-les-looks-eblouissants-qui-ont-vole-la-vedette\\\/#primaryimage\"},\"image\":{\"@id\":\"https:\\\/\\\/www.beirut.com\\\/fr\\\/745889\\\/les-designers-libanais-aux-oscars-les-looks-eblouissants-qui-ont-vole-la-vedette\\\/#primaryimage\"},\"thumbnailUrl\":\"https:\\\/\\\/www.beirut.com\\\/wp-content\\\/uploads\\\/2025\\\/03\\\/oscars-2025.jpg\",\"datePublished\":\"2025-03-03T09:02:59+00:00\",\"dateModified\":\"2025-03-03T10:33:33+00:00\",\"description\":\"Et bien s\u00fbr, les Oscars \u00e9taient remplis de looks \u00e9poustouflants par certains de nos designers libanais pr\u00e9f\u00e9r\u00e9s.\",\"breadcrumb\":{\"@id\":\"https:\\\/\\\/www.beirut.com\\\/fr\\\/745889\\\/les-designers-libanais-aux-oscars-les-looks-eblouissants-qui-ont-vole-la-vedette\\\/#breadcrumb\"},\"inLanguage\":\"fr-FR\",\"potentialAction\":[{\"@type\":\"ReadAction\",\"target\":[\"https:\\\/\\\/www.beirut.com\\\/fr\\\/745889\\\/les-designers-libanais-aux-oscars-les-looks-eblouissants-qui-ont-vole-la-vedette\\\/\"]}]},{\"@type\":\"ImageObject\",\"inLanguage\":\"fr-FR\",\"@id\":\"https:\\\/\\\/www.beirut.com\\\/fr\\\/745889\\\/les-designers-libanais-aux-oscars-les-looks-eblouissants-qui-ont-vole-la-vedette\\\/#primaryimage\",\"url\":\"https:\\\/\\\/www.beirut.com\\\/wp-content\\\/uploads\\\/2025\\\/03\\\/oscars-2025.jpg\",\"contentUrl\":\"https:\\\/\\\/www.beirut.com\\\/wp-content\\\/uploads\\\/2025\\\/03\\\/oscars-2025.jpg\",\"width\":2440,\"height\":1502,\"caption\":\"Lebanese Designers at the Oscars: the Stunning Looks That Stole the Spotlight\"},{\"@type\":\"BreadcrumbList\",\"@id\":\"https:\\\/\\\/www.beirut.com\\\/fr\\\/745889\\\/les-designers-libanais-aux-oscars-les-looks-eblouissants-qui-ont-vole-la-vedette\\\/#breadcrumb\",\"itemListElement\":[{\"@type\":\"ListItem\",\"position\":1,\"name\":\"Home\",\"item\":\"https:\\\/\\\/www.beirut.com\\\/ar\\\/\"},{\"@type\":\"ListItem\",\"position\":2,\"name\":\"Les Designers Libanais aux Oscars : les Looks \u00c9blouissants qui Ont Vol\u00e9 la Vedette\"}]},{\"@type\":\"WebSite\",\"@id\":\"https:\\\/\\\/www.beirut.com\\\/ar\\\/#website\",\"url\":\"https:\\\/\\\/www.beirut.com\\\/ar\\\/\",\"name\":\"Beirut.com\",\"description\":\"Beirut.com est votre guide de Liban, avec les meilleures adresses de gastronomie, culture, quartiers et nouveaut\u00e9s. D\u00e9couvrez o\u00f9 aller et tomber amoureux.\",\"publisher\":{\"@id\":\"https:\\\/\\\/www.beirut.com\\\/ar\\\/#organization\"},\"potentialAction\":[{\"@type\":\"SearchAction\",\"target\":{\"@type\":\"EntryPoint\",\"urlTemplate\":\"https:\\\/\\\/www.beirut.com\\\/ar\\\/?s={search_term_string}\"},\"query-input\":{\"@type\":\"PropertyValueSpecification\",\"valueRequired\":true,\"valueName\":\"search_term_string\"}}],\"inLanguage\":\"fr-FR\"},{\"@type\":\"Organization\",\"@id\":\"https:\\\/\\\/www.beirut.com\\\/ar\\\/#organization\",\"name\":\"Beirut.com, SA\",\"url\":\"https:\\\/\\\/www.beirut.com\\\/ar\\\/\",\"logo\":{\"@type\":\"ImageObject\",\"inLanguage\":\"fr-FR\",\"@id\":\"https:\\\/\\\/www.beirut.com\\\/ar\\\/#\\\/schema\\\/logo\\\/image\\\/\",\"url\":\"https:\\\/\\\/www.beirut.com\\\/wp-content\\\/uploads\\\/2023\\\/04\\\/Beirut.com-Logo-scaled.jpg\",\"contentUrl\":\"https:\\\/\\\/www.beirut.com\\\/wp-content\\\/uploads\\\/2023\\\/04\\\/Beirut.com-Logo-scaled.jpg\",\"width\":2560,\"height\":1044,\"caption\":\"Beirut.com, SA\"},\"image\":{\"@id\":\"https:\\\/\\\/www.beirut.com\\\/ar\\\/#\\\/schema\\\/logo\\\/image\\\/\"},\"sameAs\":[\"https:\\\/\\\/www.facebook.com\\\/beirutcityguide\",\"https:\\\/\\\/x.com\\\/beirutcityguide\"]},{\"@type\":\"Person\",\"@id\":\"https:\\\/\\\/www.beirut.com\\\/ar\\\/#\\\/schema\\\/person\\\/97c22b1acf96bb062cb725fb93718ec7\",\"name\":\"Lama Hajj\",\"image\":{\"@type\":\"ImageObject\",\"inLanguage\":\"fr-FR\",\"@id\":\"https:\\\/\\\/secure.gravatar.com\\\/avatar\\\/67b10c42971f974a243c63fd7a0bca9223dece8ed2c04f9bbac90887efda1dd5?s=96&d=mm&r=g\",\"url\":\"https:\\\/\\\/secure.gravatar.com\\\/avatar\\\/67b10c42971f974a243c63fd7a0bca9223dece8ed2c04f9bbac90887efda1dd5?s=96&d=mm&r=g\",\"contentUrl\":\"https:\\\/\\\/secure.gravatar.com\\\/avatar\\\/67b10c42971f974a243c63fd7a0bca9223dece8ed2c04f9bbac90887efda1dd5?s=96&d=mm&r=g\",\"caption\":\"Lama Hajj\"},\"description\":\"Born and raised in Beirut, Lama is interested in food, alcohol, and history. She's an avid hater of camping. She started out as an enthusiastic writer for Beirut.com, writing about everything from food to culture - actually, just those two things. As of July 2015, Lama heads up the Beirut.com staff as Executive Editor.\",\"url\":\"https:\\\/\\\/www.beirut.com\\\/fr\\\/author\\\/lama_hajj\\\/\"}]}<\/script>\n<!-- \/ Yoast SEO Premium plugin. -->","yoast_head_json":{"title":"Les Designers Libanais aux Oscars : les Looks \u00c9blouissants qui Ont Vol\u00e9 la Vedette &#187; Beirut.com","description":"Et bien s\u00fbr, les Oscars \u00e9taient remplis de looks \u00e9poustouflants par certains de nos designers libanais pr\u00e9f\u00e9r\u00e9s.","robots":{"index":"index","follow":"follow","max-snippet":"max-snippet:-1","max-image-preview":"max-image-preview:large","max-video-preview":"max-video-preview:-1"},"canonical":"https:\/\/www.beirut.com\/fr\/745889\/les-designers-libanais-aux-oscars-les-looks-eblouissants-qui-ont-vole-la-vedette\/","og_locale":"fr_FR","og_type":"article","og_title":"Les Designers Libanais aux Oscars : les Looks \u00c9blouissants qui Ont Vol\u00e9 la Vedette","og_description":"Et bien s\u00fbr, les Oscars \u00e9taient remplis de looks \u00e9poustouflants par certains de nos designers libanais pr\u00e9f\u00e9r\u00e9s.","og_url":"https:\/\/www.beirut.com\/fr\/745889\/les-designers-libanais-aux-oscars-les-looks-eblouissants-qui-ont-vole-la-vedette\/","og_site_name":"Beirut.com","article_publisher":"https:\/\/www.facebook.com\/beirutcityguide","article_published_time":"2025-03-03T09:02:59+00:00","article_modified_time":"2025-03-03T10:33:33+00:00","og_image":[{"width":2440,"height":1502,"url":"https:\/\/www.beirut.com\/wp-content\/uploads\/2025\/03\/oscars-2025.jpg","type":"image\/jpeg"}],"author":"Lama Hajj","twitter_card":"summary_large_image","twitter_creator":"@beirutcityguide","twitter_site":"@beirutcityguide","twitter_misc":{"\u00c9crit par":"Lama Hajj","Dur\u00e9e de lecture estim\u00e9e":"1 minute"},"schema":{"@context":"https:\/\/schema.org","@graph":[{"@type":"Article","@id":"https:\/\/www.beirut.com\/fr\/745889\/les-designers-libanais-aux-oscars-les-looks-eblouissants-qui-ont-vole-la-vedette\/#article","isPartOf":{"@id":"https:\/\/www.beirut.com\/fr\/745889\/les-designers-libanais-aux-oscars-les-looks-eblouissants-qui-ont-vole-la-vedette\/"},"author":{"name":"Lama Hajj","@id":"https:\/\/www.beirut.com\/ar\/#\/schema\/person\/97c22b1acf96bb062cb725fb93718ec7"},"headline":"Les Designers Libanais aux Oscars : les Looks \u00c9blouissants qui Ont Vol\u00e9 la Vedette","datePublished":"2025-03-03T09:02:59+00:00","dateModified":"2025-03-03T10:33:33+00:00","mainEntityOfPage":{"@id":"https:\/\/www.beirut.com\/fr\/745889\/les-designers-libanais-aux-oscars-les-looks-eblouissants-qui-ont-vole-la-vedette\/"},"wordCount":193,"publisher":{"@id":"https:\/\/www.beirut.com\/ar\/#organization"},"image":{"@id":"https:\/\/www.beirut.com\/fr\/745889\/les-designers-libanais-aux-oscars-les-looks-eblouissants-qui-ont-vole-la-vedette\/#primaryimage"},"thumbnailUrl":"https:\/\/www.beirut.com\/wp-content\/uploads\/2025\/03\/oscars-2025.jpg","articleSection":["On Adore"],"inLanguage":"fr-FR"},{"@type":"WebPage","@id":"https:\/\/www.beirut.com\/fr\/745889\/les-designers-libanais-aux-oscars-les-looks-eblouissants-qui-ont-vole-la-vedette\/","url":"https:\/\/www.beirut.com\/fr\/745889\/les-designers-libanais-aux-oscars-les-looks-eblouissants-qui-ont-vole-la-vedette\/","name":"Les Designers Libanais aux Oscars : les Looks \u00c9blouissants qui Ont Vol\u00e9 la Vedette &#187; Beirut.com","isPartOf":{"@id":"https:\/\/www.beirut.com\/ar\/#website"},"primaryImageOfPage":{"@id":"https:\/\/www.beirut.com\/fr\/745889\/les-designers-libanais-aux-oscars-les-looks-eblouissants-qui-ont-vole-la-vedette\/#primaryimage"},"image":{"@id":"https:\/\/www.beirut.com\/fr\/745889\/les-designers-libanais-aux-oscars-les-looks-eblouissants-qui-ont-vole-la-vedette\/#primaryimage"},"thumbnailUrl":"https:\/\/www.beirut.com\/wp-content\/uploads\/2025\/03\/oscars-2025.jpg","datePublished":"2025-03-03T09:02:59+00:00","dateModified":"2025-03-03T10:33:33+00:00","description":"Et bien s\u00fbr, les Oscars \u00e9taient remplis de looks \u00e9poustouflants par certains de nos designers libanais pr\u00e9f\u00e9r\u00e9s.","breadcrumb":{"@id":"https:\/\/www.beirut.com\/fr\/745889\/les-designers-libanais-aux-oscars-les-looks-eblouissants-qui-ont-vole-la-vedette\/#breadcrumb"},"inLanguage":"fr-FR","potentialAction":[{"@type":"ReadAction","target":["https:\/\/www.beirut.com\/fr\/745889\/les-designers-libanais-aux-oscars-les-looks-eblouissants-qui-ont-vole-la-vedette\/"]}]},{"@type":"ImageObject","inLanguage":"fr-FR","@id":"https:\/\/www.beirut.com\/fr\/745889\/les-designers-libanais-aux-oscars-les-looks-eblouissants-qui-ont-vole-la-vedette\/#primaryimage","url":"https:\/\/www.beirut.com\/wp-content\/uploads\/2025\/03\/oscars-2025.jpg","contentUrl":"https:\/\/www.beirut.com\/wp-content\/uploads\/2025\/03\/oscars-2025.jpg","width":2440,"height":1502,"caption":"Lebanese Designers at the Oscars: the Stunning Looks That Stole the Spotlight"},{"@type":"BreadcrumbList","@id":"https:\/\/www.beirut.com\/fr\/745889\/les-designers-libanais-aux-oscars-les-looks-eblouissants-qui-ont-vole-la-vedette\/#breadcrumb","itemListElement":[{"@type":"ListItem","position":1,"name":"Home","item":"https:\/\/www.beirut.com\/ar\/"},{"@type":"ListItem","position":2,"name":"Les Designers Libanais aux Oscars : les Looks \u00c9blouissants qui Ont Vol\u00e9 la Vedette"}]},{"@type":"WebSite","@id":"https:\/\/www.beirut.com\/ar\/#website","url":"https:\/\/www.beirut.com\/ar\/","name":"Beirut.com","description":"Beirut.com est votre guide de Liban, avec les meilleures adresses de gastronomie, culture, quartiers et nouveaut\u00e9s. D\u00e9couvrez o\u00f9 aller et tomber amoureux.","publisher":{"@id":"https:\/\/www.beirut.com\/ar\/#organization"},"potentialAction":[{"@type":"SearchAction","target":{"@type":"EntryPoint","urlTemplate":"https:\/\/www.beirut.com\/ar\/?s={search_term_string}"},"query-input":{"@type":"PropertyValueSpecification","valueRequired":true,"valueName":"search_term_string"}}],"inLanguage":"fr-FR"},{"@type":"Organization","@id":"https:\/\/www.beirut.com\/ar\/#organization","name":"Beirut.com, SA","url":"https:\/\/www.beirut.com\/ar\/","logo":{"@type":"ImageObject","inLanguage":"fr-FR","@id":"https:\/\/www.beirut.com\/ar\/#\/schema\/logo\/image\/","url":"https:\/\/www.beirut.com\/wp-content\/uploads\/2023\/04\/Beirut.com-Logo-scaled.jpg","contentUrl":"https:\/\/www.beirut.com\/wp-content\/uploads\/2023\/04\/Beirut.com-Logo-scaled.jpg","width":2560,"height":1044,"caption":"Beirut.com, SA"},"image":{"@id":"https:\/\/www.beirut.com\/ar\/#\/schema\/logo\/image\/"},"sameAs":["https:\/\/www.facebook.com\/beirutcityguide","https:\/\/x.com\/beirutcityguide"]},{"@type":"Person","@id":"https:\/\/www.beirut.com\/ar\/#\/schema\/person\/97c22b1acf96bb062cb725fb93718ec7","name":"Lama Hajj","image":{"@type":"ImageObject","inLanguage":"fr-FR","@id":"https:\/\/secure.gravatar.com\/avatar\/67b10c42971f974a243c63fd7a0bca9223dece8ed2c04f9bbac90887efda1dd5?s=96&d=mm&r=g","url":"https:\/\/secure.gravatar.com\/avatar\/67b10c42971f974a243c63fd7a0bca9223dece8ed2c04f9bbac90887efda1dd5?s=96&d=mm&r=g","contentUrl":"https:\/\/secure.gravatar.com\/avatar\/67b10c42971f974a243c63fd7a0bca9223dece8ed2c04f9bbac90887efda1dd5?s=96&d=mm&r=g","caption":"Lama Hajj"},"description":"Born and raised in Beirut, Lama is interested in food, alcohol, and history. She's an avid hater of camping. She started out as an enthusiastic writer for Beirut.com, writing about everything from food to culture - actually, just those two things. As of July 2015, Lama heads up the Beirut.com staff as Executive Editor.","url":"https:\/\/www.beirut.com\/fr\/author\/lama_hajj\/"}]}},"_links":{"self":[{"href":"https:\/\/www.beirut.com\/fr\/wp-json\/wp\/v2\/posts\/745889","targetHints":{"allow":["GET"]}}],"collection":[{"href":"https:\/\/www.beirut.com\/fr\/wp-json\/wp\/v2\/posts"}],"about":[{"href":"https:\/\/www.beirut.com\/fr\/wp-json\/wp\/v2\/types\/post"}],"author":[{"embeddable":true,"href":"https:\/\/www.beirut.com\/fr\/wp-json\/wp\/v2\/users\/102"}],"replies":[{"embeddable":true,"href":"https:\/\/www.beirut.com\/fr\/wp-json\/wp\/v2\/comments?post=745889"}],"version-history":[{"count":1,"href":"https:\/\/www.beirut.com\/fr\/wp-json\/wp\/v2\/posts\/745889\/revisions"}],"predecessor-version":[{"id":745890,"href":"https:\/\/www.beirut.com\/fr\/wp-json\/wp\/v2\/posts\/745889\/revisions\/745890"}],"wp:authorship":[{"embeddable":true,"href":"https:\/\/www.beirut.com\/fr\/wp-json\/wp\/v2\/users\/56"}],"wp:featuredmedia":[{"embeddable":true,"href":"https:\/\/www.beirut.com\/fr\/wp-json\/wp\/v2\/media\/745866"}],"wp:attachment":[{"href":"https:\/\/www.beirut.com\/fr\/wp-json\/wp\/v2\/media?parent=745889"}],"wp:term":[{"taxonomy":"post_tag","embeddable":true,"href":"https:\/\/www.beirut.com\/fr\/wp-json\/wp\/v2\/tags?post=745889"},{"taxonomy":"media-embed-type","embeddable":true,"href":"https:\/\/www.beirut.com\/fr\/wp-json\/wp\/v2\/media-embed-type?post=745889"}],"curies":[{"name":"wp","href":"https:\/\/api.w.org\/{rel}","templated":true}]}}