{"id":750119,"date":"2025-04-09T13:25:50","date_gmt":"2025-04-09T13:25:50","guid":{"rendered":"https:\/\/www.beirut.com\/?p=750119"},"modified":"2025-04-09T13:35:50","modified_gmt":"2025-04-09T13:35:50","slug":"le-festival-international-de-baalbeck-est-de-retour-voici-le-programme","status":"publish","type":"post","link":"https:\/\/www.beirut.com\/fr\/750119\/le-festival-international-de-baalbeck-est-de-retour-voici-le-programme\/","title":{"rendered":"Le Festival International de Baalbeck est de retour ! Voici le programme"},"content":{"rendered":" <p>Le <strong>Baalbeck International Festival<\/strong> est de retour avec un programme spectaculaire pour 2025 que vous ne voulez pas manquer. Voici un aper\u00e7u rapide du programme de cette ann\u00e9e.<\/p>    <p><\/p>   <iframe title=\"Embedded Instagram Post\" allowtransparency=\"true\" allowfullscreen=\"true\" frameborder=\"0\" height=\"532\" data-src=\"https:\/\/www.instagram.com\/p\/DII3KDsMxIQ\/embed\/\" scrolling=\"no\" style=\"background: white; max-width: 540px; width: calc(100% - 2px); border-radius: 3px; border: 1px solid rgb(219, 219, 219); box-shadow: none; display: block; margin: 12px 0px 12px !important; min-width: 326px; padding: 0px;\"><\/iframe>   <p><\/p>    <p>Le th\u00e8me de cette ann\u00e9e est &#8220;Les Piliers de l&#8217;\u00c9ternit\u00e9&#8221;, qui c\u00e9l\u00e9brera l&#8217;h\u00e9ritage et la r\u00e9silience libanaise \u00e0 travers la musique lors de deux \u00e9v\u00e9nements majeurs.<\/p>    <p><\/p>    <p><strong>Le 25 juillet 2025<\/strong><\/p>    <p>Le Carmen Op\u00e9ra de Georges Bizet, mis en sc\u00e8ne par Jorge Takla et dirig\u00e9 par Toufic Maatouk<\/p>    <p><\/p>    <p><strong>Le 8 ao\u00fbt 2025<\/strong><\/p>    <p>Hiba Tawaji et Oussama Rahbani se r\u00e9unissent pour un magnifique concert en direct et un spectacle \u00e9blouissant<\/p>    <p><\/p>   <iframe title=\"Embedded Instagram Post\" allowtransparency=\"true\" allowfullscreen=\"true\" frameborder=\"0\" height=\"532\" data-src=\"https:\/\/www.instagram.com\/p\/DIOVplHM8g4\/embed\/\" scrolling=\"no\" style=\"background: white; max-width: 540px; width: calc(100% - 2px); border-radius: 3px; border: 1px solid rgb(219, 219, 219); box-shadow: none; display: block; margin: 12px 0px 12px !important; min-width: 326px; padding: 0px;\"><\/iframe>   <p><\/p>    <p>Les billets seront disponibles \u00e0 partir du <strong>jeudi 10 avril 2025 \u00e0 10 heures<\/strong> via <a href=\"https:\/\/www.ticketingboxoffice.com\/\" target=\"_blank\" rel=\"noreferrer noopener\">Virgin Ticketing Box Office<\/a>. De plus, vous pouvez profiter d&#8217;un transport gratuit si vous achetez vos billets avant mai\u00a0!<\/p>    <p><\/p>    <h3 class=\"wp-block-heading\" id=\"h-about-the-baalbeck-international-festival\">\u00c0 propos du Festival International de Baalbeck<\/h3>    <p><\/p>    <p>Le Festival International de Baalbeck, fond\u00e9 en 1956, est le plus ancien et le plus prestigieux \u00e9v\u00e9nement culturel du Moyen-Orient. Tenue dans les temples romains embl\u00e9matiques de Baalbeck, le festival a jou\u00e9 un r\u00f4le cl\u00e9 dans la promotion de la culture, du tourisme et du patrimoine libanais. Il pr\u00e9sente des performances d&#8217;artistes locaux, r\u00e9gionaux et internationaux, avec des talents libanais notables tels que Fairouz et les Fr\u00e8res Rahbani qui ont gagn\u00e9 en renomm\u00e9e gr\u00e2ce \u00e0 sa plateforme. <\/p>    <p><\/p>   <iframe title=\"Embedded Instagram Post\" allowtransparency=\"true\" allowfullscreen=\"true\" frameborder=\"0\" height=\"532\" data-src=\"https:\/\/www.instagram.com\/reel\/DGxrjnKuI_v\/embed\/\" scrolling=\"no\" style=\"background: white; max-width: 540px; width: calc(100% - 2px); border-radius: 3px; border: 1px solid rgb(219, 219, 219); box-shadow: none; display: block; margin: 12px 0px 12px !important; min-width: 326px; padding: 0px;\"><\/iframe>   <p><\/p>    <p>Malgr\u00e9 une interruption de 22 ans due \u00e0 la guerre civile libanaise, le festival a repris en 1997. Depuis, il a accueilli des stars mondiales telles que Sting, Charles Aznavour et Jean Michel Jarre. Le festival a poursuivi sa mission culturelle \u00e0 travers des p\u00e9riodes difficiles, y compris en d\u00e9localisant les spectacles lors d&#8217;instabilit\u00e9s r\u00e9gionales et en s&#8217;adaptant \u00e0 la pand\u00e9mie avec le streaming en ligne.<\/p>    <p><\/p>    <p>Le festival prosp\u00e8re comme un symbole de la r\u00e9silience du Liban, c\u00e9l\u00e9brant la diversit\u00e9 culturelle et l&#8217;excellence artistique tout en promouvant la paix et le tourisme.<\/p>    <p><\/p>    <p><em>Couverture\u00a0: Issam Abdallah pour <a href=\"https:\/\/www.reuters.com\/world\/middle-east\/lebanons-music-festivals-make-modest-comeback-after-crisis-2022-07-10\/\" target=\"_blank\" rel=\"noreferrer noopener\">Reuters<\/a><\/em><\/p>    <div style=\"height:50px\" aria-hidden=\"true\" class=\"wp-block-spacer\"><\/div>    <p class=\"has-blush-light-purple-gradient-background has-background\" style=\"font-size:17px\"><strong>Vous avez h\u00e2te du Festival International de Baalbek cet \u00e9t\u00e9 ? N&#8217;oubliez pas de consulter la section <a href=\"https:\/\/www.beirut.com\/en\/tag\/arts-culture\/\" target=\"_blank\" rel=\"noreferrer noopener\">#Arts &amp; Culture<\/a> pour en savoir plus.<\/strong><\/p>    <div style=\"height:50px\" aria-hidden=\"true\" class=\"wp-block-spacer\"><\/div>         <div style=\"width: 100%;\" class=\"mobile products-container-two-product swiper\">   <div class=\"swiper-wrapper\">        <a class=\"swiper-slide\" href=\"https:\/\/www.beirut.com\/fr\/product\/made-in-beirut-tee\/\" aria-label=\"&quot;Made in Beirut&quot; Tee\" style=\"min-width: 66% !important;height:auto !important;\">      <div style=\"min-width: 90% !important;\" class=\"single-product-two-product\">       <div class=\"product-image-two-product lazy-load\" data-src=\"https:\/\/www.beirut.com\/wp-content\/uploads\/2024\/06\/Image_20240606_151551_715-328x600.jpeg\">       <\/div>       <div class=\"product-content-two-product\">        <h2 style=\"height: 45px;\">&#8220;Made in Beirut&#8221; Tee<\/h2>        <p>High quality t-shirt that is available in either round neck loose fit made of 100% cotton with short sleeves, or fitted cropped with a round neck and short sleeves (95% cotton,5% elastane). <\/p>        <div class=\"price-container-two-product\">         Starting At <span class=\"woocommerce-Price-amount amount\"><bdi><span class=\"woocommerce-Price-currencySymbol\">&#36;<\/span>15<\/bdi><\/span>       <\/div>       <\/div>      <\/div>     <\/a>         <a class=\"swiper-slide\" href=\"https:\/\/www.beirut.com\/fr\/product\/the-beirut-tee\/\" aria-label=\"The Beirut Tee\" style=\"min-width: 66% !important;height:auto !important;\">      <div style=\"min-width: 90% !important;\" class=\"single-product-two-product\">       <div class=\"product-image-two-product lazy-load\" data-src=\"https:\/\/www.beirut.com\/wp-content\/uploads\/2024\/04\/beirutee-524x600.png\">       <\/div>       <div class=\"product-content-two-product\">        <h2 style=\"height: 45px;\">The Beirut Tee<\/h2>        <p>Beirut.com printed logo on the left side. Available in Black, White, and Olive Green.<\/p>        <div class=\"price-container-two-product\">         Starting At <span class=\"woocommerce-Price-amount amount\"><bdi><span class=\"woocommerce-Price-currencySymbol\">&#36;<\/span>15<\/bdi><\/span>       <\/div>       <\/div>      <\/div>     <\/a>       <\/div>   <div class=\"swiper-pagination\"><\/div>   <div class=\"swiper-button-prev\"><\/div>   <div class=\"swiper-button-next\"><\/div>  <\/div>   <div style=\"width: 100%;\" class=\"desktop products-container-two-product\">      <a style=\"min-width: calc(25% - 1.5rem); width:calc(25% - 1.5rem);\" href=\"https:\/\/www.beirut.com\/fr\/product\/made-in-beirut-tee\/\" aria-label=\"&quot;Made in Beirut&quot; Tee\">     <div style=\"min-width: 100% !important;\" class=\"single-product-two-product\">      <div class=\"product-image-two-product lazy-load\" data-src=\"https:\/\/www.beirut.com\/wp-content\/uploads\/2024\/06\/Image_20240606_151551_715-328x600.jpeg\">      <\/div>      <div class=\"product-content-two-product\">       <h2>&#8220;Made in Beirut&#8221; Tee<\/h2>       <p>High quality t-shirt that is available in either round neck loose fit made of 100% cotton with short sleeves, or fitted cropped with a round neck and short sleeves (95% cotton,5% elastane). <\/p>       <div class=\"price-container-two-product\">        Starting At <span class=\"woocommerce-Price-amount amount\"><bdi><span class=\"woocommerce-Price-currencySymbol\">&#36;<\/span>15<\/bdi><\/span>      <\/div>      <\/div>     <\/div>    <\/a>       <a style=\"min-width: calc(25% - 1.5rem); width:calc(25% - 1.5rem);\" href=\"https:\/\/www.beirut.com\/fr\/product\/the-beirut-tee\/\" aria-label=\"The Beirut Tee\">     <div style=\"min-width: 100% !important;\" class=\"single-product-two-product\">      <div class=\"product-image-two-product lazy-load\" data-src=\"https:\/\/www.beirut.com\/wp-content\/uploads\/2024\/04\/beirutee-524x600.png\">      <\/div>      <div class=\"product-content-two-product\">       <h2>The Beirut Tee<\/h2>       <p>Beirut.com printed logo on the left side. Available in Black, White, and Olive Green.<\/p>       <div class=\"price-container-two-product\">        Starting At <span class=\"woocommerce-Price-amount amount\"><bdi><span class=\"woocommerce-Price-currencySymbol\">&#36;<\/span>15<\/bdi><\/span>      <\/div>      <\/div>     <\/div>    <\/a>       <\/div>   ","protected":false},"excerpt":{"rendered":"<p>Le Baalbeck International Festival est de retour avec un programme spectaculaire pour 2025 que vous ne voulez pas manquer. Voici un aper\u00e7u rapide du programme de cette ann\u00e9e. Le th\u00e8me de cette ann\u00e9e est &#8220;Les Piliers de l&#8217;\u00c9ternit\u00e9&#8221;, qui c\u00e9l\u00e9brera l&#8217;h\u00e9ritage et la r\u00e9silience libanaise \u00e0 travers la musique lors de deux \u00e9v\u00e9nements majeurs. Le [&hellip;]<\/p>\n","protected":false},"author":102,"featured_media":750098,"comment_status":"closed","ping_status":"closed","sticky":false,"template":"","format":"standard","meta":{"_preview_accessed":0,"footnotes":""},"tags":[],"media-embed-type":[],"class_list":["post-750119","post","type-post","status-publish","format-standard","has-post-thumbnail","hentry","category-blog","category-on-adore"],"authorship":[144],"yoast_head":"<!-- This site is optimized with the Yoast SEO Premium plugin v27.3 (Yoast SEO v27.3) - https:\/\/yoast.com\/product\/yoast-seo-premium-wordpress\/ -->\n<title>Le Festival International de Baalbeck est de retour ! Voici le programme &#187; Beirut.com<\/title>\n<meta name=\"description\" content=\"Le Baalbeck International Festival est de retour avec un programme spectaculaire pour 2025 que vous ne voulez pas manquer.\" \/>\n<meta name=\"robots\" content=\"index, follow, max-snippet:-1, max-image-preview:large, max-video-preview:-1\" \/>\n<link rel=\"canonical\" href=\"https:\/\/www.beirut.com\/fr\/750119\/le-festival-international-de-baalbeck-est-de-retour-voici-le-programme\/\" \/>\n<meta property=\"og:locale\" content=\"fr_FR\" \/>\n<meta property=\"og:type\" content=\"article\" \/>\n<meta property=\"og:title\" content=\"Le Festival International de Baalbeck est de retour ! Voici le programme\" \/>\n<meta property=\"og:description\" content=\"Le Baalbeck International Festival est de retour avec un programme spectaculaire pour 2025 que vous ne voulez pas manquer.\" \/>\n<meta property=\"og:url\" content=\"https:\/\/www.beirut.com\/fr\/750119\/le-festival-international-de-baalbeck-est-de-retour-voici-le-programme\/\" \/>\n<meta property=\"og:site_name\" content=\"Beirut.com\" \/>\n<meta property=\"article:publisher\" content=\"https:\/\/www.facebook.com\/beirutcityguide\" \/>\n<meta property=\"article:published_time\" content=\"2025-04-09T13:25:50+00:00\" \/>\n<meta property=\"article:modified_time\" content=\"2025-04-09T13:35:50+00:00\" \/>\n<meta property=\"og:image\" content=\"https:\/\/www.beirut.com\/wp-content\/uploads\/2025\/04\/GVGHPGWTEJK33I2LGVEN5WJFQQ.jpg\" \/>\n\t<meta property=\"og:image:width\" content=\"1920\" \/>\n\t<meta property=\"og:image:height\" content=\"1280\" \/>\n\t<meta property=\"og:image:type\" content=\"image\/jpeg\" \/>\n<meta name=\"author\" content=\"Lama Hajj\" \/>\n<meta name=\"twitter:card\" content=\"summary_large_image\" \/>\n<meta name=\"twitter:creator\" content=\"@beirutcityguide\" \/>\n<meta name=\"twitter:site\" content=\"@beirutcityguide\" \/>\n<meta name=\"twitter:label1\" content=\"\u00c9crit par\" \/>\n\t<meta name=\"twitter:data1\" content=\"Lama Hajj\" \/>\n\t<meta name=\"twitter:label2\" content=\"Dur\u00e9e de lecture estim\u00e9e\" \/>\n\t<meta name=\"twitter:data2\" content=\"2 minutes\" \/>\n<script type=\"application\/ld+json\" class=\"yoast-schema-graph\">{\"@context\":\"https:\\\/\\\/schema.org\",\"@graph\":[{\"@type\":\"Article\",\"@id\":\"https:\\\/\\\/www.beirut.com\\\/fr\\\/750119\\\/le-festival-international-de-baalbeck-est-de-retour-voici-le-programme\\\/#article\",\"isPartOf\":{\"@id\":\"https:\\\/\\\/www.beirut.com\\\/fr\\\/750119\\\/le-festival-international-de-baalbeck-est-de-retour-voici-le-programme\\\/\"},\"author\":{\"name\":\"Lama Hajj\",\"@id\":\"https:\\\/\\\/www.beirut.com\\\/ar\\\/#\\\/schema\\\/person\\\/97c22b1acf96bb062cb725fb93718ec7\"},\"headline\":\"Le Festival International de Baalbeck est de retour ! Voici le programme\",\"datePublished\":\"2025-04-09T13:25:50+00:00\",\"dateModified\":\"2025-04-09T13:35:50+00:00\",\"mainEntityOfPage\":{\"@id\":\"https:\\\/\\\/www.beirut.com\\\/fr\\\/750119\\\/le-festival-international-de-baalbeck-est-de-retour-voici-le-programme\\\/\"},\"wordCount\":365,\"publisher\":{\"@id\":\"https:\\\/\\\/www.beirut.com\\\/ar\\\/#organization\"},\"image\":{\"@id\":\"https:\\\/\\\/www.beirut.com\\\/fr\\\/750119\\\/le-festival-international-de-baalbeck-est-de-retour-voici-le-programme\\\/#primaryimage\"},\"thumbnailUrl\":\"https:\\\/\\\/www.beirut.com\\\/wp-content\\\/uploads\\\/2025\\\/04\\\/GVGHPGWTEJK33I2LGVEN5WJFQQ.jpg\",\"articleSection\":[\"Blog\",\"On Adore\"],\"inLanguage\":\"fr-FR\"},{\"@type\":\"WebPage\",\"@id\":\"https:\\\/\\\/www.beirut.com\\\/fr\\\/750119\\\/le-festival-international-de-baalbeck-est-de-retour-voici-le-programme\\\/\",\"url\":\"https:\\\/\\\/www.beirut.com\\\/fr\\\/750119\\\/le-festival-international-de-baalbeck-est-de-retour-voici-le-programme\\\/\",\"name\":\"Le Festival International de Baalbeck est de retour ! Voici le programme &#187; Beirut.com\",\"isPartOf\":{\"@id\":\"https:\\\/\\\/www.beirut.com\\\/ar\\\/#website\"},\"primaryImageOfPage\":{\"@id\":\"https:\\\/\\\/www.beirut.com\\\/fr\\\/750119\\\/le-festival-international-de-baalbeck-est-de-retour-voici-le-programme\\\/#primaryimage\"},\"image\":{\"@id\":\"https:\\\/\\\/www.beirut.com\\\/fr\\\/750119\\\/le-festival-international-de-baalbeck-est-de-retour-voici-le-programme\\\/#primaryimage\"},\"thumbnailUrl\":\"https:\\\/\\\/www.beirut.com\\\/wp-content\\\/uploads\\\/2025\\\/04\\\/GVGHPGWTEJK33I2LGVEN5WJFQQ.jpg\",\"datePublished\":\"2025-04-09T13:25:50+00:00\",\"dateModified\":\"2025-04-09T13:35:50+00:00\",\"description\":\"Le Baalbeck International Festival est de retour avec un programme spectaculaire pour 2025 que vous ne voulez pas manquer.\",\"breadcrumb\":{\"@id\":\"https:\\\/\\\/www.beirut.com\\\/fr\\\/750119\\\/le-festival-international-de-baalbeck-est-de-retour-voici-le-programme\\\/#breadcrumb\"},\"inLanguage\":\"fr-FR\",\"potentialAction\":[{\"@type\":\"ReadAction\",\"target\":[\"https:\\\/\\\/www.beirut.com\\\/fr\\\/750119\\\/le-festival-international-de-baalbeck-est-de-retour-voici-le-programme\\\/\"]}]},{\"@type\":\"ImageObject\",\"inLanguage\":\"fr-FR\",\"@id\":\"https:\\\/\\\/www.beirut.com\\\/fr\\\/750119\\\/le-festival-international-de-baalbeck-est-de-retour-voici-le-programme\\\/#primaryimage\",\"url\":\"https:\\\/\\\/www.beirut.com\\\/wp-content\\\/uploads\\\/2025\\\/04\\\/GVGHPGWTEJK33I2LGVEN5WJFQQ.jpg\",\"contentUrl\":\"https:\\\/\\\/www.beirut.com\\\/wp-content\\\/uploads\\\/2025\\\/04\\\/GVGHPGWTEJK33I2LGVEN5WJFQQ.jpg\",\"width\":1920,\"height\":1280,\"caption\":\"Baalbeck International Festival is Back! Here's the Program\"},{\"@type\":\"BreadcrumbList\",\"@id\":\"https:\\\/\\\/www.beirut.com\\\/fr\\\/750119\\\/le-festival-international-de-baalbeck-est-de-retour-voici-le-programme\\\/#breadcrumb\",\"itemListElement\":[{\"@type\":\"ListItem\",\"position\":1,\"name\":\"Home\",\"item\":\"https:\\\/\\\/www.beirut.com\\\/ar\\\/\"},{\"@type\":\"ListItem\",\"position\":2,\"name\":\"Le Festival International de Baalbeck est de retour ! Voici le programme\"}]},{\"@type\":\"WebSite\",\"@id\":\"https:\\\/\\\/www.beirut.com\\\/ar\\\/#website\",\"url\":\"https:\\\/\\\/www.beirut.com\\\/ar\\\/\",\"name\":\"Beirut.com\",\"description\":\"Beirut.com est votre guide de Liban, avec les meilleures adresses de gastronomie, culture, quartiers et nouveaut\u00e9s. D\u00e9couvrez o\u00f9 aller et tomber amoureux.\",\"publisher\":{\"@id\":\"https:\\\/\\\/www.beirut.com\\\/ar\\\/#organization\"},\"potentialAction\":[{\"@type\":\"SearchAction\",\"target\":{\"@type\":\"EntryPoint\",\"urlTemplate\":\"https:\\\/\\\/www.beirut.com\\\/ar\\\/?s={search_term_string}\"},\"query-input\":{\"@type\":\"PropertyValueSpecification\",\"valueRequired\":true,\"valueName\":\"search_term_string\"}}],\"inLanguage\":\"fr-FR\"},{\"@type\":\"Organization\",\"@id\":\"https:\\\/\\\/www.beirut.com\\\/ar\\\/#organization\",\"name\":\"Beirut.com, SA\",\"url\":\"https:\\\/\\\/www.beirut.com\\\/ar\\\/\",\"logo\":{\"@type\":\"ImageObject\",\"inLanguage\":\"fr-FR\",\"@id\":\"https:\\\/\\\/www.beirut.com\\\/ar\\\/#\\\/schema\\\/logo\\\/image\\\/\",\"url\":\"https:\\\/\\\/www.beirut.com\\\/wp-content\\\/uploads\\\/2023\\\/04\\\/Beirut.com-Logo-scaled.jpg\",\"contentUrl\":\"https:\\\/\\\/www.beirut.com\\\/wp-content\\\/uploads\\\/2023\\\/04\\\/Beirut.com-Logo-scaled.jpg\",\"width\":2560,\"height\":1044,\"caption\":\"Beirut.com, SA\"},\"image\":{\"@id\":\"https:\\\/\\\/www.beirut.com\\\/ar\\\/#\\\/schema\\\/logo\\\/image\\\/\"},\"sameAs\":[\"https:\\\/\\\/www.facebook.com\\\/beirutcityguide\",\"https:\\\/\\\/x.com\\\/beirutcityguide\"]},{\"@type\":\"Person\",\"@id\":\"https:\\\/\\\/www.beirut.com\\\/ar\\\/#\\\/schema\\\/person\\\/97c22b1acf96bb062cb725fb93718ec7\",\"name\":\"Lama Hajj\",\"image\":{\"@type\":\"ImageObject\",\"inLanguage\":\"fr-FR\",\"@id\":\"https:\\\/\\\/secure.gravatar.com\\\/avatar\\\/67b10c42971f974a243c63fd7a0bca9223dece8ed2c04f9bbac90887efda1dd5?s=96&d=mm&r=g\",\"url\":\"https:\\\/\\\/secure.gravatar.com\\\/avatar\\\/67b10c42971f974a243c63fd7a0bca9223dece8ed2c04f9bbac90887efda1dd5?s=96&d=mm&r=g\",\"contentUrl\":\"https:\\\/\\\/secure.gravatar.com\\\/avatar\\\/67b10c42971f974a243c63fd7a0bca9223dece8ed2c04f9bbac90887efda1dd5?s=96&d=mm&r=g\",\"caption\":\"Lama Hajj\"},\"description\":\"Born and raised in Beirut, Lama is interested in food, alcohol, and history. She's an avid hater of camping. She started out as an enthusiastic writer for Beirut.com, writing about everything from food to culture - actually, just those two things. As of July 2015, Lama heads up the Beirut.com staff as Executive Editor.\",\"url\":\"https:\\\/\\\/www.beirut.com\\\/fr\\\/author\\\/lama_hajj\\\/\"}]}<\/script>\n<!-- \/ Yoast SEO Premium plugin. -->","yoast_head_json":{"title":"Le Festival International de Baalbeck est de retour ! Voici le programme &#187; Beirut.com","description":"Le Baalbeck International Festival est de retour avec un programme spectaculaire pour 2025 que vous ne voulez pas manquer.","robots":{"index":"index","follow":"follow","max-snippet":"max-snippet:-1","max-image-preview":"max-image-preview:large","max-video-preview":"max-video-preview:-1"},"canonical":"https:\/\/www.beirut.com\/fr\/750119\/le-festival-international-de-baalbeck-est-de-retour-voici-le-programme\/","og_locale":"fr_FR","og_type":"article","og_title":"Le Festival International de Baalbeck est de retour ! Voici le programme","og_description":"Le Baalbeck International Festival est de retour avec un programme spectaculaire pour 2025 que vous ne voulez pas manquer.","og_url":"https:\/\/www.beirut.com\/fr\/750119\/le-festival-international-de-baalbeck-est-de-retour-voici-le-programme\/","og_site_name":"Beirut.com","article_publisher":"https:\/\/www.facebook.com\/beirutcityguide","article_published_time":"2025-04-09T13:25:50+00:00","article_modified_time":"2025-04-09T13:35:50+00:00","og_image":[{"width":1920,"height":1280,"url":"https:\/\/www.beirut.com\/wp-content\/uploads\/2025\/04\/GVGHPGWTEJK33I2LGVEN5WJFQQ.jpg","type":"image\/jpeg"}],"author":"Lama Hajj","twitter_card":"summary_large_image","twitter_creator":"@beirutcityguide","twitter_site":"@beirutcityguide","twitter_misc":{"\u00c9crit par":"Lama Hajj","Dur\u00e9e de lecture estim\u00e9e":"2 minutes"},"schema":{"@context":"https:\/\/schema.org","@graph":[{"@type":"Article","@id":"https:\/\/www.beirut.com\/fr\/750119\/le-festival-international-de-baalbeck-est-de-retour-voici-le-programme\/#article","isPartOf":{"@id":"https:\/\/www.beirut.com\/fr\/750119\/le-festival-international-de-baalbeck-est-de-retour-voici-le-programme\/"},"author":{"name":"Lama Hajj","@id":"https:\/\/www.beirut.com\/ar\/#\/schema\/person\/97c22b1acf96bb062cb725fb93718ec7"},"headline":"Le Festival International de Baalbeck est de retour ! Voici le programme","datePublished":"2025-04-09T13:25:50+00:00","dateModified":"2025-04-09T13:35:50+00:00","mainEntityOfPage":{"@id":"https:\/\/www.beirut.com\/fr\/750119\/le-festival-international-de-baalbeck-est-de-retour-voici-le-programme\/"},"wordCount":365,"publisher":{"@id":"https:\/\/www.beirut.com\/ar\/#organization"},"image":{"@id":"https:\/\/www.beirut.com\/fr\/750119\/le-festival-international-de-baalbeck-est-de-retour-voici-le-programme\/#primaryimage"},"thumbnailUrl":"https:\/\/www.beirut.com\/wp-content\/uploads\/2025\/04\/GVGHPGWTEJK33I2LGVEN5WJFQQ.jpg","articleSection":["Blog","On Adore"],"inLanguage":"fr-FR"},{"@type":"WebPage","@id":"https:\/\/www.beirut.com\/fr\/750119\/le-festival-international-de-baalbeck-est-de-retour-voici-le-programme\/","url":"https:\/\/www.beirut.com\/fr\/750119\/le-festival-international-de-baalbeck-est-de-retour-voici-le-programme\/","name":"Le Festival International de Baalbeck est de retour ! Voici le programme &#187; Beirut.com","isPartOf":{"@id":"https:\/\/www.beirut.com\/ar\/#website"},"primaryImageOfPage":{"@id":"https:\/\/www.beirut.com\/fr\/750119\/le-festival-international-de-baalbeck-est-de-retour-voici-le-programme\/#primaryimage"},"image":{"@id":"https:\/\/www.beirut.com\/fr\/750119\/le-festival-international-de-baalbeck-est-de-retour-voici-le-programme\/#primaryimage"},"thumbnailUrl":"https:\/\/www.beirut.com\/wp-content\/uploads\/2025\/04\/GVGHPGWTEJK33I2LGVEN5WJFQQ.jpg","datePublished":"2025-04-09T13:25:50+00:00","dateModified":"2025-04-09T13:35:50+00:00","description":"Le Baalbeck International Festival est de retour avec un programme spectaculaire pour 2025 que vous ne voulez pas manquer.","breadcrumb":{"@id":"https:\/\/www.beirut.com\/fr\/750119\/le-festival-international-de-baalbeck-est-de-retour-voici-le-programme\/#breadcrumb"},"inLanguage":"fr-FR","potentialAction":[{"@type":"ReadAction","target":["https:\/\/www.beirut.com\/fr\/750119\/le-festival-international-de-baalbeck-est-de-retour-voici-le-programme\/"]}]},{"@type":"ImageObject","inLanguage":"fr-FR","@id":"https:\/\/www.beirut.com\/fr\/750119\/le-festival-international-de-baalbeck-est-de-retour-voici-le-programme\/#primaryimage","url":"https:\/\/www.beirut.com\/wp-content\/uploads\/2025\/04\/GVGHPGWTEJK33I2LGVEN5WJFQQ.jpg","contentUrl":"https:\/\/www.beirut.com\/wp-content\/uploads\/2025\/04\/GVGHPGWTEJK33I2LGVEN5WJFQQ.jpg","width":1920,"height":1280,"caption":"Baalbeck International Festival is Back! Here's the Program"},{"@type":"BreadcrumbList","@id":"https:\/\/www.beirut.com\/fr\/750119\/le-festival-international-de-baalbeck-est-de-retour-voici-le-programme\/#breadcrumb","itemListElement":[{"@type":"ListItem","position":1,"name":"Home","item":"https:\/\/www.beirut.com\/ar\/"},{"@type":"ListItem","position":2,"name":"Le Festival International de Baalbeck est de retour ! Voici le programme"}]},{"@type":"WebSite","@id":"https:\/\/www.beirut.com\/ar\/#website","url":"https:\/\/www.beirut.com\/ar\/","name":"Beirut.com","description":"Beirut.com est votre guide de Liban, avec les meilleures adresses de gastronomie, culture, quartiers et nouveaut\u00e9s. D\u00e9couvrez o\u00f9 aller et tomber amoureux.","publisher":{"@id":"https:\/\/www.beirut.com\/ar\/#organization"},"potentialAction":[{"@type":"SearchAction","target":{"@type":"EntryPoint","urlTemplate":"https:\/\/www.beirut.com\/ar\/?s={search_term_string}"},"query-input":{"@type":"PropertyValueSpecification","valueRequired":true,"valueName":"search_term_string"}}],"inLanguage":"fr-FR"},{"@type":"Organization","@id":"https:\/\/www.beirut.com\/ar\/#organization","name":"Beirut.com, SA","url":"https:\/\/www.beirut.com\/ar\/","logo":{"@type":"ImageObject","inLanguage":"fr-FR","@id":"https:\/\/www.beirut.com\/ar\/#\/schema\/logo\/image\/","url":"https:\/\/www.beirut.com\/wp-content\/uploads\/2023\/04\/Beirut.com-Logo-scaled.jpg","contentUrl":"https:\/\/www.beirut.com\/wp-content\/uploads\/2023\/04\/Beirut.com-Logo-scaled.jpg","width":2560,"height":1044,"caption":"Beirut.com, SA"},"image":{"@id":"https:\/\/www.beirut.com\/ar\/#\/schema\/logo\/image\/"},"sameAs":["https:\/\/www.facebook.com\/beirutcityguide","https:\/\/x.com\/beirutcityguide"]},{"@type":"Person","@id":"https:\/\/www.beirut.com\/ar\/#\/schema\/person\/97c22b1acf96bb062cb725fb93718ec7","name":"Lama Hajj","image":{"@type":"ImageObject","inLanguage":"fr-FR","@id":"https:\/\/secure.gravatar.com\/avatar\/67b10c42971f974a243c63fd7a0bca9223dece8ed2c04f9bbac90887efda1dd5?s=96&d=mm&r=g","url":"https:\/\/secure.gravatar.com\/avatar\/67b10c42971f974a243c63fd7a0bca9223dece8ed2c04f9bbac90887efda1dd5?s=96&d=mm&r=g","contentUrl":"https:\/\/secure.gravatar.com\/avatar\/67b10c42971f974a243c63fd7a0bca9223dece8ed2c04f9bbac90887efda1dd5?s=96&d=mm&r=g","caption":"Lama Hajj"},"description":"Born and raised in Beirut, Lama is interested in food, alcohol, and history. She's an avid hater of camping. She started out as an enthusiastic writer for Beirut.com, writing about everything from food to culture - actually, just those two things. As of July 2015, Lama heads up the Beirut.com staff as Executive Editor.","url":"https:\/\/www.beirut.com\/fr\/author\/lama_hajj\/"}]}},"_links":{"self":[{"href":"https:\/\/www.beirut.com\/fr\/wp-json\/wp\/v2\/posts\/750119","targetHints":{"allow":["GET"]}}],"collection":[{"href":"https:\/\/www.beirut.com\/fr\/wp-json\/wp\/v2\/posts"}],"about":[{"href":"https:\/\/www.beirut.com\/fr\/wp-json\/wp\/v2\/types\/post"}],"author":[{"embeddable":true,"href":"https:\/\/www.beirut.com\/fr\/wp-json\/wp\/v2\/users\/102"}],"replies":[{"embeddable":true,"href":"https:\/\/www.beirut.com\/fr\/wp-json\/wp\/v2\/comments?post=750119"}],"version-history":[{"count":1,"href":"https:\/\/www.beirut.com\/fr\/wp-json\/wp\/v2\/posts\/750119\/revisions"}],"predecessor-version":[{"id":750123,"href":"https:\/\/www.beirut.com\/fr\/wp-json\/wp\/v2\/posts\/750119\/revisions\/750123"}],"wp:authorship":[{"embeddable":true,"href":"https:\/\/www.beirut.com\/fr\/wp-json\/wp\/v2\/users\/144"}],"wp:featuredmedia":[{"embeddable":true,"href":"https:\/\/www.beirut.com\/fr\/wp-json\/wp\/v2\/media\/750098"}],"wp:attachment":[{"href":"https:\/\/www.beirut.com\/fr\/wp-json\/wp\/v2\/media?parent=750119"}],"wp:term":[{"taxonomy":"post_tag","embeddable":true,"href":"https:\/\/www.beirut.com\/fr\/wp-json\/wp\/v2\/tags?post=750119"},{"taxonomy":"media-embed-type","embeddable":true,"href":"https:\/\/www.beirut.com\/fr\/wp-json\/wp\/v2\/media-embed-type?post=750119"}],"curies":[{"name":"wp","href":"https:\/\/api.w.org\/{rel}","templated":true}]}}