{"id":760895,"date":"2025-09-03T07:12:11","date_gmt":"2025-09-03T07:12:11","guid":{"rendered":"https:\/\/www.beirut.com\/?p=760895"},"modified":"2025-09-03T08:27:14","modified_gmt":"2025-09-03T08:27:14","slug":"zara-cafe-ouvre-bientot-dans-les-souks-de-beyrouth-voici-ce-qui-vous-attend","status":"publish","type":"post","link":"https:\/\/www.beirut.com\/fr\/760895\/zara-cafe-ouvre-bientot-dans-les-souks-de-beyrouth-voici-ce-qui-vous-attend\/","title":{"rendered":"Zara Caf\u00e9 ouvre bient\u00f4t dans les Souks de Beyrouth ! Voici ce qui vous attend"},"content":{"rendered":" <p>Apr\u00e8s pr\u00e8s d\u2019un an de rumeurs, c\u2019est d\u00e9sormais confirm\u00e9 : <strong>Zara Caf\u00e9<\/strong> s\u2019appr\u00eate \u00e0 ouvrir ses portes dans les Souks de Beyrouth. Alors que la destination shopping embl\u00e9matique de la capitale reprend vie, le g\u00e9ant du pr\u00eat-\u00e0-porter apporte son concept de caf\u00e9 branch\u00e9 en plein c\u0153ur de la ville.<br><\/p>    <p><\/p>    <p>Si vous ne connaissez pas encore le Zara Caf\u00e9, surnomm\u00e9 <em>Zacaff\u00e9<\/em>, voici un aper\u00e7u de ce qui vous attend.<br><\/p>    <p><\/p>    <figure class=\"wp-block-image size-large is-resized\"><img loading=\"lazy\" decoding=\"async\" width=\"1117\" height=\"1213\" src=\"https:\/\/www.beirut.com\/wp-content\/uploads\/2025\/09\/zaracafe-edited.png\" alt=\"\" class=\"wp-image-760868\" style=\"width:471px;height:auto\" srcset=\"https:\/\/www.beirut.com\/wp-content\/uploads\/2025\/09\/zaracafe-edited.png 1117w, https:\/\/www.beirut.com\/wp-content\/uploads\/2025\/09\/zaracafe-edited-553x600.png 553w, https:\/\/www.beirut.com\/wp-content\/uploads\/2025\/09\/zaracafe-edited-943x1024.png 943w, https:\/\/www.beirut.com\/wp-content\/uploads\/2025\/09\/zaracafe-edited-230x250.png 230w, https:\/\/www.beirut.com\/wp-content\/uploads\/2025\/09\/zaracafe-edited-768x834.png 768w, https:\/\/www.beirut.com\/wp-content\/uploads\/2025\/09\/zaracafe-edited-600x652.png 600w\" sizes=\"auto, (max-width: 1117px) 100vw, 1117px\" \/><\/figure>    <p><sup>via <a href=\"https:\/\/www.facebook.com\/share\/p\/16vij38KBs\/\" target=\"_blank\" rel=\"noreferrer noopener\">Doa&#8217;a Hsn Tabboush<\/a> sur Facebook.<\/sup><\/p>    <div style=\"height:50px\" aria-hidden=\"true\" class=\"wp-block-spacer\"><\/div>    <h3 class=\"wp-block-heading\" id=\"h-quel-est-le-concept\">Quel est le concept ?<\/h3>    <p><\/p>    <p>Imagin\u00e9 comme une parenth\u00e8se \u00e9l\u00e9gante et minimaliste, le Zara Caf\u00e9 invite les clients \u00e0 faire une pause, se ressourcer et prolonger leur exp\u00e9rience shopping. L\u2019int\u00e9rieur reprend l\u2019esth\u00e9tique \u00e9pur\u00e9e de Zara Home, offrant une atmosph\u00e8re apaisante qui marie mode, design et culture du caf\u00e9.<br><\/p>    <p><\/p>    <p>Au-del\u00e0 d\u2019un simple caf\u00e9, le projet refl\u00e8te la volont\u00e9 de la marque de s\u2019ancrer dans l\u2019art de vivre, avec des choix de design \u00e9coresponsables et des espaces cr\u00e9atifs pour accueillir des \u00e9v\u00e9nements culturels. Bref, Zara ne sera plus seulement une adresse mode, mais aussi un lieu o\u00f9 l\u2019on aime s\u2019attarder.<\/p>    <p><\/p>    <p><\/p>    <p>Voici \u00e0 quoi ressemble le Zara Caf\u00e9 du <a href=\"https:\/\/www.instagram.com\/malloftheemirates\/?hl=en\" target=\"_blank\" rel=\"noreferrer noopener\">Mall of the Emirates<\/a> \u00e0 Duba\u00ef :<\/p>    <p><\/p>   <iframe title=\"Embedded Instagram Post\" allowtransparency=\"true\" allowfullscreen=\"true\" frameborder=\"0\" height=\"532\" data-src=\"https:\/\/www.instagram.com\/reel\/DAI7Rq5S9vp\/embed\/\" scrolling=\"no\" style=\"background: white; max-width: 540px; width: calc(100% - 2px); border-radius: 3px; border: 1px solid rgb(219, 219, 219); box-shadow: none; display: block; margin: 12px 0px 12px !important; min-width: 326px; padding: 0px;\"><\/iframe>   <p><\/p>    <p>Chaque lieu a une ambiance diff\u00e9rente en fonction de la ville, donc nous sommes impatients de voir \u00e0 quoi ressemblera l&#8217;emplacement de Beyrouth. Vous pouvez voir \u00e0 quel point le lieu de S\u00e9oul est diff\u00e9rent de celui de Duba\u00ef :<\/p>    <p><\/p>   <iframe title=\"Embedded Instagram Post\" allowtransparency=\"true\" allowfullscreen=\"true\" frameborder=\"0\" height=\"532\" data-src=\"https:\/\/www.instagram.com\/reel\/DJgy59SysN-\/embed\/\" scrolling=\"no\" style=\"background: white; max-width: 540px; width: calc(100% - 2px); border-radius: 3px; border: 1px solid rgb(219, 219, 219); box-shadow: none; display: block; margin: 12px 0px 12px !important; min-width: 326px; padding: 0px;\"><\/iframe>   <p><\/p>    <p>Chaque ville a son ambiance propre. L\u2019espace de S\u00e9oul, par exemple, est radicalement diff\u00e9rent de celui de Duba\u00ef. Et que dire de l\u2019adresse de Lisbonne\u2026 on est compl\u00e8tement s\u00e9duits !<\/p>    <p><\/p>    <p><\/p>   <iframe title=\"Embedded Instagram Post\" allowtransparency=\"true\" allowfullscreen=\"true\" frameborder=\"0\" height=\"532\" data-src=\"https:\/\/www.instagram.com\/reel\/C_tGcmNtuHZ\/embed\/\" scrolling=\"no\" style=\"background: white; max-width: 540px; width: calc(100% - 2px); border-radius: 3px; border: 1px solid rgb(219, 219, 219); box-shadow: none; display: block; margin: 12px 0px 12px !important; min-width: 326px; padding: 0px;\"><\/iframe>   <div style=\"height:50px\" aria-hidden=\"true\" class=\"wp-block-spacer\"><\/div>    <h3 class=\"wp-block-heading\" id=\"h-et-au-menu\">Et au menu ?<\/h3>    <p>Le menu devrait tourner autour du caf\u00e9 de sp\u00e9cialit\u00e9 et de petites bouch\u00e9es, le tout servi avec le soin et l\u2019\u00e9l\u00e9gance propres \u00e0 Zara. Cappuccinos, expressos, th\u00e9s infus\u00e9s avec pr\u00e9cision, p\u00e2tisseries et desserts d\u00e9cor\u00e9s du logo Zara ou de touches design devraient \u00eatre au rendez-vous.<\/p>    <p><\/p>    <p><\/p>    <p>Il y a fort \u00e0 parier que le caf\u00e9 proposera aussi ses propres m\u00e9langes, d\u00e9j\u00e0 disponibles ailleurs, permettant aux visiteurs de repartir avec un petit bout de l\u2019exp\u00e9rience Zara Caf\u00e9 \u00e0 la maison.<\/p>    <p><\/p>   <iframe title=\"Embedded Instagram Post\" allowtransparency=\"true\" allowfullscreen=\"true\" frameborder=\"0\" height=\"532\" data-src=\"https:\/\/www.instagram.com\/p\/DJrKupjpD-Q\/embed\/\" scrolling=\"no\" style=\"background: white; max-width: 540px; width: calc(100% - 2px); border-radius: 3px; border: 1px solid rgb(219, 219, 219); box-shadow: none; display: block; margin: 12px 0px 12px !important; min-width: 326px; padding: 0px;\"><\/iframe>   <div style=\"height:50px\" aria-hidden=\"true\" class=\"wp-block-spacer\"><\/div>    <h3 class=\"wp-block-heading\" id=\"h-cote-prix\">C\u00f4t\u00e9 prix<\/h3>    <p>M\u00eame si le caf\u00e9 n\u2019a pas encore ouvert, on peut s\u2019attendre \u00e0 des tarifs similaires aux autres adresses internationales. \u00c0 Duba\u00ef, par exemple, un passage au Zara Caf\u00e9 co\u00fbte en moyenne 35 AED (environ 9,50 $), soit l\u2019\u00e9quivalent des autres caf\u00e9s haut de gamme de la ville.<\/p>    <p><\/p>    <p>On y trouve \u00e9galement des sachets de caf\u00e9 de marque Zara (Master, Vienna, etc.), vendus entre 35 et 65 AED (9,50\u201318 $).<\/p>    <div style=\"height:50px\" aria-hidden=\"true\" class=\"wp-block-spacer\"><\/div>    <p>Excit\u00e9 par le nouveau Zara Caf\u00e9 ? Consultez la section <a href=\"https:\/\/www.beirut.com\/en\/tag\/beirut-souks\/\" target=\"_blank\" rel=\"noreferrer noopener\">#Beirut Souks<\/a> pour voir ce qui s&#8217;en vient !<\/p>    <div style=\"height:50px\" aria-hidden=\"true\" class=\"wp-block-spacer\"><\/div>    <div class=\"wp-block-thisis-thisis-more-like-this-block\">             <a href=\"https:\/\/www.beirut.com\/en\/760768\/all-the-new-spots-you-need-to-try-in-beirut-this-week\/\" class=\"thisis-more-like-this-block__link\" target=\"_blank\" aria-label=\"All the New Spots You NEED to Try in Beirut This Week\">                 <div class=\"thisis-more-like-this-block\">             <div class=\"thisis-more-like-this-block__header\"                 style=\"background-color: #36C6F4;\">                 <h3>                     MORE LIKE THIS                <\/h3>             <\/div>             <div class=\"thisis-more-like-this-block__content\"                 style=\"background-color: #36C6F41a;\">                                     <div class=\"thisis-more-like-this-block__image\">                         <img decoding=\"async\" src=\"https:\/\/www.beirut.com\/wp-content\/uploads\/2025\/09\/newspots-250x157.jpg\" alt=\"All the New Spots You NEED to Try in Beirut This Week\" \/>                     <\/div>                                                     <div class=\"thisis-more-like-this-block__text\">                                                     <h2>All the New Spots You NEED to Try in Beirut This Week<\/h2>                                                                             <p>We\u2019re happy to see Beirut buzzing with so many gems, so here are 5 must-try spots that just landed in the city \u2b50<\/p>                                             <\/div>                             <\/div>         <\/div>                 <\/a>     <\/div>   <div style=\"height:50px\" aria-hidden=\"true\" class=\"wp-block-spacer\"><\/div>         <div style=\"width: 100%;\" class=\"mobile products-container-two-product swiper\">   <div class=\"swiper-wrapper\">        <a class=\"swiper-slide\" href=\"https:\/\/www.beirut.com\/fr\/product\/the-beirut-tee\/\" aria-label=\"The Beirut Tee\" style=\"min-width: 66% !important;height:auto !important;\">      <div style=\"min-width: 90% !important;\" class=\"single-product-two-product\">       <div class=\"product-image-two-product lazy-load\" data-src=\"https:\/\/www.beirut.com\/wp-content\/uploads\/2024\/04\/beirutee-524x600.png\">       <\/div>       <div class=\"product-content-two-product\">        <h2 style=\"height: 45px;\">The Beirut Tee<\/h2>        <p>Beirut.com printed logo on the left side. Available in Black, White, and Olive Green.<\/p>        <div class=\"price-container-two-product\">         Starting At <span class=\"woocommerce-Price-amount amount\"><bdi><span class=\"woocommerce-Price-currencySymbol\">&#36;<\/span>25<\/bdi><\/span>       <\/div>       <\/div>      <\/div>     <\/a>         <a class=\"swiper-slide\" href=\"https:\/\/www.beirut.com\/fr\/product\/%d8%ba%d8%b1%d8%b1%d9%88%d9%88%d9%88%d9%88%d9%88%d9%88%d9%81%d9%8a-tee\/\" aria-label=\"\u063a\u0631\u0631\u0648\u0648\u0648\u0648\u0648\u0648\u0641\u064a Tee\" style=\"min-width: 66% !important;height:auto !important;\">      <div style=\"min-width: 90% !important;\" class=\"single-product-two-product\">       <div class=\"product-image-two-product lazy-load\" data-src=\"https:\/\/www.beirut.com\/wp-content\/uploads\/2024\/05\/PHOTO-2024-05-17-15-22-13-600x400.jpg\">       <\/div>       <div class=\"product-content-two-product\">        <h2 style=\"height: 45px;\">\u063a\u0631\u0631\u0648\u0648\u0648\u0648\u0648\u0648\u0641\u064a Tee<\/h2>        <p>High quality t-shirt that is available in either round neck loose fit made of 100% cotton with short sleeves, or fitted cropped with a round neck and short sleeves (95% cotton,5% elastane). <\/p>        <div class=\"price-container-two-product\">         Starting At <span class=\"woocommerce-Price-amount amount\"><bdi><span class=\"woocommerce-Price-currencySymbol\">&#36;<\/span>25<\/bdi><\/span>       <\/div>       <\/div>      <\/div>     <\/a>       <\/div>   <div class=\"swiper-pagination\"><\/div>   <div class=\"swiper-button-prev\"><\/div>   <div class=\"swiper-button-next\"><\/div>  <\/div>   <div style=\"width: 100%;\" class=\"desktop products-container-two-product\">      <a style=\"min-width: calc(25% - 1.5rem); width:calc(25% - 1.5rem);\" href=\"https:\/\/www.beirut.com\/fr\/product\/the-beirut-tee\/\" aria-label=\"The Beirut Tee\">     <div style=\"min-width: 100% !important;\" class=\"single-product-two-product\">      <div class=\"product-image-two-product lazy-load\" data-src=\"https:\/\/www.beirut.com\/wp-content\/uploads\/2024\/04\/beirutee-524x600.png\">      <\/div>      <div class=\"product-content-two-product\">       <h2>The Beirut Tee<\/h2>       <p>Beirut.com printed logo on the left side. Available in Black, White, and Olive Green.<\/p>       <div class=\"price-container-two-product\">        Starting At <span class=\"woocommerce-Price-amount amount\"><bdi><span class=\"woocommerce-Price-currencySymbol\">&#36;<\/span>25<\/bdi><\/span>      <\/div>      <\/div>     <\/div>    <\/a>       <a style=\"min-width: calc(25% - 1.5rem); width:calc(25% - 1.5rem);\" href=\"https:\/\/www.beirut.com\/fr\/product\/%d8%ba%d8%b1%d8%b1%d9%88%d9%88%d9%88%d9%88%d9%88%d9%88%d9%81%d9%8a-tee\/\" aria-label=\"\u063a\u0631\u0631\u0648\u0648\u0648\u0648\u0648\u0648\u0641\u064a Tee\">     <div style=\"min-width: 100% !important;\" class=\"single-product-two-product\">      <div class=\"product-image-two-product lazy-load\" data-src=\"https:\/\/www.beirut.com\/wp-content\/uploads\/2024\/05\/PHOTO-2024-05-17-15-22-13-600x400.jpg\">      <\/div>      <div class=\"product-content-two-product\">       <h2>\u063a\u0631\u0631\u0648\u0648\u0648\u0648\u0648\u0648\u0641\u064a Tee<\/h2>       <p>High quality t-shirt that is available in either round neck loose fit made of 100% cotton with short sleeves, or fitted cropped with a round neck and short sleeves (95% cotton,5% elastane). <\/p>       <div class=\"price-container-two-product\">        Starting At <span class=\"woocommerce-Price-amount amount\"><bdi><span class=\"woocommerce-Price-currencySymbol\">&#36;<\/span>25<\/bdi><\/span>      <\/div>      <\/div>     <\/div>    <\/a>       <\/div>   ","protected":false},"excerpt":{"rendered":"<p>Apr\u00e8s pr\u00e8s d\u2019un an de rumeurs, c\u2019est d\u00e9sormais confirm\u00e9 : Zara Caf\u00e9 s\u2019appr\u00eate \u00e0 ouvrir ses portes dans les Souks de Beyrouth. Alors que la destination shopping embl\u00e9matique de la capitale reprend vie, le g\u00e9ant du pr\u00eat-\u00e0-porter apporte son concept de caf\u00e9 branch\u00e9 en plein c\u0153ur de la ville. Si vous ne connaissez pas encore [&hellip;]<\/p>\n","protected":false},"author":102,"featured_media":760868,"comment_status":"closed","ping_status":"closed","sticky":false,"template":"","format":"standard","meta":{"_preview_accessed":0,"footnotes":""},"tags":[],"media-embed-type":[],"class_list":["post-760895","post","type-post","status-publish","format-standard","has-post-thumbnail","hentry","category-le-blog"],"authorship":[74],"yoast_head":"<!-- This site is optimized with the Yoast SEO Premium plugin v27.3 (Yoast SEO v27.3) - https:\/\/yoast.com\/product\/yoast-seo-premium-wordpress\/ -->\n<title>Zara Caf\u00e9 ouvre bient\u00f4t dans les Souks de Beyrouth ! Voici ce qui vous attend &#187; Beirut.com<\/title>\n<meta name=\"description\" content=\"Apr\u00e8s pr\u00e8s d\u2019un an de rumeurs, c\u2019est d\u00e9sormais confirm\u00e9 : Zara Caf\u00e9 s\u2019appr\u00eate \u00e0 ouvrir ses portes dans les Souks de Beyrouth.\" \/>\n<meta name=\"robots\" content=\"index, follow, max-snippet:-1, max-image-preview:large, max-video-preview:-1\" \/>\n<link rel=\"canonical\" href=\"https:\/\/www.beirut.com\/fr\/760895\/zara-cafe-ouvre-bientot-dans-les-souks-de-beyrouth-voici-ce-qui-vous-attend\/\" \/>\n<meta property=\"og:locale\" content=\"fr_FR\" \/>\n<meta property=\"og:type\" content=\"article\" \/>\n<meta property=\"og:title\" content=\"Zara Caf\u00e9 ouvre bient\u00f4t dans les Souks de Beyrouth ! Voici ce qui vous attend\" \/>\n<meta property=\"og:description\" content=\"Apr\u00e8s pr\u00e8s d\u2019un an de rumeurs, c\u2019est d\u00e9sormais confirm\u00e9 : Zara Caf\u00e9 s\u2019appr\u00eate \u00e0 ouvrir ses portes dans les Souks de Beyrouth.\" \/>\n<meta property=\"og:url\" content=\"https:\/\/www.beirut.com\/fr\/760895\/zara-cafe-ouvre-bientot-dans-les-souks-de-beyrouth-voici-ce-qui-vous-attend\/\" \/>\n<meta property=\"og:site_name\" content=\"Beirut.com\" \/>\n<meta property=\"article:publisher\" content=\"https:\/\/www.facebook.com\/beirutcityguide\" \/>\n<meta property=\"article:published_time\" content=\"2025-09-03T07:12:11+00:00\" \/>\n<meta property=\"article:modified_time\" content=\"2025-09-03T08:27:14+00:00\" \/>\n<meta property=\"og:image\" content=\"https:\/\/www.beirut.com\/wp-content\/uploads\/2025\/09\/zaracafe-edited.png\" \/>\n\t<meta property=\"og:image:width\" content=\"1117\" \/>\n\t<meta property=\"og:image:height\" content=\"1213\" \/>\n\t<meta property=\"og:image:type\" content=\"image\/png\" \/>\n<meta name=\"author\" content=\"Lama Hajj\" \/>\n<meta name=\"twitter:card\" content=\"summary_large_image\" \/>\n<meta name=\"twitter:creator\" content=\"@beirutcityguide\" \/>\n<meta name=\"twitter:site\" content=\"@beirutcityguide\" \/>\n<meta name=\"twitter:label1\" content=\"\u00c9crit par\" \/>\n\t<meta name=\"twitter:data1\" content=\"Lama Hajj\" \/>\n\t<meta name=\"twitter:label2\" content=\"Dur\u00e9e de lecture estim\u00e9e\" \/>\n\t<meta name=\"twitter:data2\" content=\"3 minutes\" \/>\n<script type=\"application\/ld+json\" class=\"yoast-schema-graph\">{\"@context\":\"https:\\\/\\\/schema.org\",\"@graph\":[{\"@type\":\"Article\",\"@id\":\"https:\\\/\\\/www.beirut.com\\\/fr\\\/760895\\\/zara-cafe-ouvre-bientot-dans-les-souks-de-beyrouth-voici-ce-qui-vous-attend\\\/#article\",\"isPartOf\":{\"@id\":\"https:\\\/\\\/www.beirut.com\\\/fr\\\/760895\\\/zara-cafe-ouvre-bientot-dans-les-souks-de-beyrouth-voici-ce-qui-vous-attend\\\/\"},\"author\":{\"name\":\"Lama Hajj\",\"@id\":\"https:\\\/\\\/www.beirut.com\\\/ar\\\/#\\\/schema\\\/person\\\/97c22b1acf96bb062cb725fb93718ec7\"},\"headline\":\"Zara Caf\u00e9 ouvre bient\u00f4t dans les Souks de Beyrouth ! Voici ce qui vous attend\",\"datePublished\":\"2025-09-03T07:12:11+00:00\",\"dateModified\":\"2025-09-03T08:27:14+00:00\",\"mainEntityOfPage\":{\"@id\":\"https:\\\/\\\/www.beirut.com\\\/fr\\\/760895\\\/zara-cafe-ouvre-bientot-dans-les-souks-de-beyrouth-voici-ce-qui-vous-attend\\\/\"},\"wordCount\":481,\"publisher\":{\"@id\":\"https:\\\/\\\/www.beirut.com\\\/ar\\\/#organization\"},\"image\":{\"@id\":\"https:\\\/\\\/www.beirut.com\\\/fr\\\/760895\\\/zara-cafe-ouvre-bientot-dans-les-souks-de-beyrouth-voici-ce-qui-vous-attend\\\/#primaryimage\"},\"thumbnailUrl\":\"https:\\\/\\\/www.beirut.com\\\/wp-content\\\/uploads\\\/2025\\\/09\\\/zaracafe-edited.png\",\"articleSection\":[\"Blog\"],\"inLanguage\":\"fr-FR\"},{\"@type\":\"WebPage\",\"@id\":\"https:\\\/\\\/www.beirut.com\\\/fr\\\/760895\\\/zara-cafe-ouvre-bientot-dans-les-souks-de-beyrouth-voici-ce-qui-vous-attend\\\/\",\"url\":\"https:\\\/\\\/www.beirut.com\\\/fr\\\/760895\\\/zara-cafe-ouvre-bientot-dans-les-souks-de-beyrouth-voici-ce-qui-vous-attend\\\/\",\"name\":\"Zara Caf\u00e9 ouvre bient\u00f4t dans les Souks de Beyrouth ! Voici ce qui vous attend &#187; Beirut.com\",\"isPartOf\":{\"@id\":\"https:\\\/\\\/www.beirut.com\\\/ar\\\/#website\"},\"primaryImageOfPage\":{\"@id\":\"https:\\\/\\\/www.beirut.com\\\/fr\\\/760895\\\/zara-cafe-ouvre-bientot-dans-les-souks-de-beyrouth-voici-ce-qui-vous-attend\\\/#primaryimage\"},\"image\":{\"@id\":\"https:\\\/\\\/www.beirut.com\\\/fr\\\/760895\\\/zara-cafe-ouvre-bientot-dans-les-souks-de-beyrouth-voici-ce-qui-vous-attend\\\/#primaryimage\"},\"thumbnailUrl\":\"https:\\\/\\\/www.beirut.com\\\/wp-content\\\/uploads\\\/2025\\\/09\\\/zaracafe-edited.png\",\"datePublished\":\"2025-09-03T07:12:11+00:00\",\"dateModified\":\"2025-09-03T08:27:14+00:00\",\"description\":\"Apr\u00e8s pr\u00e8s d\u2019un an de rumeurs, c\u2019est d\u00e9sormais confirm\u00e9 : Zara Caf\u00e9 s\u2019appr\u00eate \u00e0 ouvrir ses portes dans les Souks de Beyrouth.\",\"breadcrumb\":{\"@id\":\"https:\\\/\\\/www.beirut.com\\\/fr\\\/760895\\\/zara-cafe-ouvre-bientot-dans-les-souks-de-beyrouth-voici-ce-qui-vous-attend\\\/#breadcrumb\"},\"inLanguage\":\"fr-FR\",\"potentialAction\":[{\"@type\":\"ReadAction\",\"target\":[\"https:\\\/\\\/www.beirut.com\\\/fr\\\/760895\\\/zara-cafe-ouvre-bientot-dans-les-souks-de-beyrouth-voici-ce-qui-vous-attend\\\/\"]}]},{\"@type\":\"ImageObject\",\"inLanguage\":\"fr-FR\",\"@id\":\"https:\\\/\\\/www.beirut.com\\\/fr\\\/760895\\\/zara-cafe-ouvre-bientot-dans-les-souks-de-beyrouth-voici-ce-qui-vous-attend\\\/#primaryimage\",\"url\":\"https:\\\/\\\/www.beirut.com\\\/wp-content\\\/uploads\\\/2025\\\/09\\\/zaracafe-edited.png\",\"contentUrl\":\"https:\\\/\\\/www.beirut.com\\\/wp-content\\\/uploads\\\/2025\\\/09\\\/zaracafe-edited.png\",\"width\":1117,\"height\":1213,\"caption\":\"zara cafe beirut\"},{\"@type\":\"BreadcrumbList\",\"@id\":\"https:\\\/\\\/www.beirut.com\\\/fr\\\/760895\\\/zara-cafe-ouvre-bientot-dans-les-souks-de-beyrouth-voici-ce-qui-vous-attend\\\/#breadcrumb\",\"itemListElement\":[{\"@type\":\"ListItem\",\"position\":1,\"name\":\"Home\",\"item\":\"https:\\\/\\\/www.beirut.com\\\/ar\\\/\"},{\"@type\":\"ListItem\",\"position\":2,\"name\":\"Zara Caf\u00e9 ouvre bient\u00f4t dans les Souks de Beyrouth ! Voici ce qui vous attend\"}]},{\"@type\":\"WebSite\",\"@id\":\"https:\\\/\\\/www.beirut.com\\\/ar\\\/#website\",\"url\":\"https:\\\/\\\/www.beirut.com\\\/ar\\\/\",\"name\":\"Beirut.com\",\"description\":\"Beirut.com est votre guide de Liban, avec les meilleures adresses de gastronomie, culture, quartiers et nouveaut\u00e9s. D\u00e9couvrez o\u00f9 aller et tomber amoureux.\",\"publisher\":{\"@id\":\"https:\\\/\\\/www.beirut.com\\\/ar\\\/#organization\"},\"potentialAction\":[{\"@type\":\"SearchAction\",\"target\":{\"@type\":\"EntryPoint\",\"urlTemplate\":\"https:\\\/\\\/www.beirut.com\\\/ar\\\/?s={search_term_string}\"},\"query-input\":{\"@type\":\"PropertyValueSpecification\",\"valueRequired\":true,\"valueName\":\"search_term_string\"}}],\"inLanguage\":\"fr-FR\"},{\"@type\":\"Organization\",\"@id\":\"https:\\\/\\\/www.beirut.com\\\/ar\\\/#organization\",\"name\":\"Beirut.com, SA\",\"url\":\"https:\\\/\\\/www.beirut.com\\\/ar\\\/\",\"logo\":{\"@type\":\"ImageObject\",\"inLanguage\":\"fr-FR\",\"@id\":\"https:\\\/\\\/www.beirut.com\\\/ar\\\/#\\\/schema\\\/logo\\\/image\\\/\",\"url\":\"https:\\\/\\\/www.beirut.com\\\/wp-content\\\/uploads\\\/2023\\\/04\\\/Beirut.com-Logo-scaled.jpg\",\"contentUrl\":\"https:\\\/\\\/www.beirut.com\\\/wp-content\\\/uploads\\\/2023\\\/04\\\/Beirut.com-Logo-scaled.jpg\",\"width\":2560,\"height\":1044,\"caption\":\"Beirut.com, SA\"},\"image\":{\"@id\":\"https:\\\/\\\/www.beirut.com\\\/ar\\\/#\\\/schema\\\/logo\\\/image\\\/\"},\"sameAs\":[\"https:\\\/\\\/www.facebook.com\\\/beirutcityguide\",\"https:\\\/\\\/x.com\\\/beirutcityguide\"]},{\"@type\":\"Person\",\"@id\":\"https:\\\/\\\/www.beirut.com\\\/ar\\\/#\\\/schema\\\/person\\\/97c22b1acf96bb062cb725fb93718ec7\",\"name\":\"Lama Hajj\",\"image\":{\"@type\":\"ImageObject\",\"inLanguage\":\"fr-FR\",\"@id\":\"https:\\\/\\\/secure.gravatar.com\\\/avatar\\\/67b10c42971f974a243c63fd7a0bca9223dece8ed2c04f9bbac90887efda1dd5?s=96&d=mm&r=g\",\"url\":\"https:\\\/\\\/secure.gravatar.com\\\/avatar\\\/67b10c42971f974a243c63fd7a0bca9223dece8ed2c04f9bbac90887efda1dd5?s=96&d=mm&r=g\",\"contentUrl\":\"https:\\\/\\\/secure.gravatar.com\\\/avatar\\\/67b10c42971f974a243c63fd7a0bca9223dece8ed2c04f9bbac90887efda1dd5?s=96&d=mm&r=g\",\"caption\":\"Lama Hajj\"},\"description\":\"Born and raised in Beirut, Lama is interested in food, alcohol, and history. She's an avid hater of camping. She started out as an enthusiastic writer for Beirut.com, writing about everything from food to culture - actually, just those two things. As of July 2015, Lama heads up the Beirut.com staff as Executive Editor.\",\"url\":\"https:\\\/\\\/www.beirut.com\\\/fr\\\/author\\\/lama_hajj\\\/\"}]}<\/script>\n<!-- \/ Yoast SEO Premium plugin. -->","yoast_head_json":{"title":"Zara Caf\u00e9 ouvre bient\u00f4t dans les Souks de Beyrouth ! Voici ce qui vous attend &#187; Beirut.com","description":"Apr\u00e8s pr\u00e8s d\u2019un an de rumeurs, c\u2019est d\u00e9sormais confirm\u00e9 : Zara Caf\u00e9 s\u2019appr\u00eate \u00e0 ouvrir ses portes dans les Souks de Beyrouth.","robots":{"index":"index","follow":"follow","max-snippet":"max-snippet:-1","max-image-preview":"max-image-preview:large","max-video-preview":"max-video-preview:-1"},"canonical":"https:\/\/www.beirut.com\/fr\/760895\/zara-cafe-ouvre-bientot-dans-les-souks-de-beyrouth-voici-ce-qui-vous-attend\/","og_locale":"fr_FR","og_type":"article","og_title":"Zara Caf\u00e9 ouvre bient\u00f4t dans les Souks de Beyrouth ! Voici ce qui vous attend","og_description":"Apr\u00e8s pr\u00e8s d\u2019un an de rumeurs, c\u2019est d\u00e9sormais confirm\u00e9 : Zara Caf\u00e9 s\u2019appr\u00eate \u00e0 ouvrir ses portes dans les Souks de Beyrouth.","og_url":"https:\/\/www.beirut.com\/fr\/760895\/zara-cafe-ouvre-bientot-dans-les-souks-de-beyrouth-voici-ce-qui-vous-attend\/","og_site_name":"Beirut.com","article_publisher":"https:\/\/www.facebook.com\/beirutcityguide","article_published_time":"2025-09-03T07:12:11+00:00","article_modified_time":"2025-09-03T08:27:14+00:00","og_image":[{"width":1117,"height":1213,"url":"https:\/\/www.beirut.com\/wp-content\/uploads\/2025\/09\/zaracafe-edited.png","type":"image\/png"}],"author":"Lama Hajj","twitter_card":"summary_large_image","twitter_creator":"@beirutcityguide","twitter_site":"@beirutcityguide","twitter_misc":{"\u00c9crit par":"Lama Hajj","Dur\u00e9e de lecture estim\u00e9e":"3 minutes"},"schema":{"@context":"https:\/\/schema.org","@graph":[{"@type":"Article","@id":"https:\/\/www.beirut.com\/fr\/760895\/zara-cafe-ouvre-bientot-dans-les-souks-de-beyrouth-voici-ce-qui-vous-attend\/#article","isPartOf":{"@id":"https:\/\/www.beirut.com\/fr\/760895\/zara-cafe-ouvre-bientot-dans-les-souks-de-beyrouth-voici-ce-qui-vous-attend\/"},"author":{"name":"Lama Hajj","@id":"https:\/\/www.beirut.com\/ar\/#\/schema\/person\/97c22b1acf96bb062cb725fb93718ec7"},"headline":"Zara Caf\u00e9 ouvre bient\u00f4t dans les Souks de Beyrouth ! Voici ce qui vous attend","datePublished":"2025-09-03T07:12:11+00:00","dateModified":"2025-09-03T08:27:14+00:00","mainEntityOfPage":{"@id":"https:\/\/www.beirut.com\/fr\/760895\/zara-cafe-ouvre-bientot-dans-les-souks-de-beyrouth-voici-ce-qui-vous-attend\/"},"wordCount":481,"publisher":{"@id":"https:\/\/www.beirut.com\/ar\/#organization"},"image":{"@id":"https:\/\/www.beirut.com\/fr\/760895\/zara-cafe-ouvre-bientot-dans-les-souks-de-beyrouth-voici-ce-qui-vous-attend\/#primaryimage"},"thumbnailUrl":"https:\/\/www.beirut.com\/wp-content\/uploads\/2025\/09\/zaracafe-edited.png","articleSection":["Blog"],"inLanguage":"fr-FR"},{"@type":"WebPage","@id":"https:\/\/www.beirut.com\/fr\/760895\/zara-cafe-ouvre-bientot-dans-les-souks-de-beyrouth-voici-ce-qui-vous-attend\/","url":"https:\/\/www.beirut.com\/fr\/760895\/zara-cafe-ouvre-bientot-dans-les-souks-de-beyrouth-voici-ce-qui-vous-attend\/","name":"Zara Caf\u00e9 ouvre bient\u00f4t dans les Souks de Beyrouth ! Voici ce qui vous attend &#187; Beirut.com","isPartOf":{"@id":"https:\/\/www.beirut.com\/ar\/#website"},"primaryImageOfPage":{"@id":"https:\/\/www.beirut.com\/fr\/760895\/zara-cafe-ouvre-bientot-dans-les-souks-de-beyrouth-voici-ce-qui-vous-attend\/#primaryimage"},"image":{"@id":"https:\/\/www.beirut.com\/fr\/760895\/zara-cafe-ouvre-bientot-dans-les-souks-de-beyrouth-voici-ce-qui-vous-attend\/#primaryimage"},"thumbnailUrl":"https:\/\/www.beirut.com\/wp-content\/uploads\/2025\/09\/zaracafe-edited.png","datePublished":"2025-09-03T07:12:11+00:00","dateModified":"2025-09-03T08:27:14+00:00","description":"Apr\u00e8s pr\u00e8s d\u2019un an de rumeurs, c\u2019est d\u00e9sormais confirm\u00e9 : Zara Caf\u00e9 s\u2019appr\u00eate \u00e0 ouvrir ses portes dans les Souks de Beyrouth.","breadcrumb":{"@id":"https:\/\/www.beirut.com\/fr\/760895\/zara-cafe-ouvre-bientot-dans-les-souks-de-beyrouth-voici-ce-qui-vous-attend\/#breadcrumb"},"inLanguage":"fr-FR","potentialAction":[{"@type":"ReadAction","target":["https:\/\/www.beirut.com\/fr\/760895\/zara-cafe-ouvre-bientot-dans-les-souks-de-beyrouth-voici-ce-qui-vous-attend\/"]}]},{"@type":"ImageObject","inLanguage":"fr-FR","@id":"https:\/\/www.beirut.com\/fr\/760895\/zara-cafe-ouvre-bientot-dans-les-souks-de-beyrouth-voici-ce-qui-vous-attend\/#primaryimage","url":"https:\/\/www.beirut.com\/wp-content\/uploads\/2025\/09\/zaracafe-edited.png","contentUrl":"https:\/\/www.beirut.com\/wp-content\/uploads\/2025\/09\/zaracafe-edited.png","width":1117,"height":1213,"caption":"zara cafe beirut"},{"@type":"BreadcrumbList","@id":"https:\/\/www.beirut.com\/fr\/760895\/zara-cafe-ouvre-bientot-dans-les-souks-de-beyrouth-voici-ce-qui-vous-attend\/#breadcrumb","itemListElement":[{"@type":"ListItem","position":1,"name":"Home","item":"https:\/\/www.beirut.com\/ar\/"},{"@type":"ListItem","position":2,"name":"Zara Caf\u00e9 ouvre bient\u00f4t dans les Souks de Beyrouth ! Voici ce qui vous attend"}]},{"@type":"WebSite","@id":"https:\/\/www.beirut.com\/ar\/#website","url":"https:\/\/www.beirut.com\/ar\/","name":"Beirut.com","description":"Beirut.com est votre guide de Liban, avec les meilleures adresses de gastronomie, culture, quartiers et nouveaut\u00e9s. D\u00e9couvrez o\u00f9 aller et tomber amoureux.","publisher":{"@id":"https:\/\/www.beirut.com\/ar\/#organization"},"potentialAction":[{"@type":"SearchAction","target":{"@type":"EntryPoint","urlTemplate":"https:\/\/www.beirut.com\/ar\/?s={search_term_string}"},"query-input":{"@type":"PropertyValueSpecification","valueRequired":true,"valueName":"search_term_string"}}],"inLanguage":"fr-FR"},{"@type":"Organization","@id":"https:\/\/www.beirut.com\/ar\/#organization","name":"Beirut.com, SA","url":"https:\/\/www.beirut.com\/ar\/","logo":{"@type":"ImageObject","inLanguage":"fr-FR","@id":"https:\/\/www.beirut.com\/ar\/#\/schema\/logo\/image\/","url":"https:\/\/www.beirut.com\/wp-content\/uploads\/2023\/04\/Beirut.com-Logo-scaled.jpg","contentUrl":"https:\/\/www.beirut.com\/wp-content\/uploads\/2023\/04\/Beirut.com-Logo-scaled.jpg","width":2560,"height":1044,"caption":"Beirut.com, SA"},"image":{"@id":"https:\/\/www.beirut.com\/ar\/#\/schema\/logo\/image\/"},"sameAs":["https:\/\/www.facebook.com\/beirutcityguide","https:\/\/x.com\/beirutcityguide"]},{"@type":"Person","@id":"https:\/\/www.beirut.com\/ar\/#\/schema\/person\/97c22b1acf96bb062cb725fb93718ec7","name":"Lama Hajj","image":{"@type":"ImageObject","inLanguage":"fr-FR","@id":"https:\/\/secure.gravatar.com\/avatar\/67b10c42971f974a243c63fd7a0bca9223dece8ed2c04f9bbac90887efda1dd5?s=96&d=mm&r=g","url":"https:\/\/secure.gravatar.com\/avatar\/67b10c42971f974a243c63fd7a0bca9223dece8ed2c04f9bbac90887efda1dd5?s=96&d=mm&r=g","contentUrl":"https:\/\/secure.gravatar.com\/avatar\/67b10c42971f974a243c63fd7a0bca9223dece8ed2c04f9bbac90887efda1dd5?s=96&d=mm&r=g","caption":"Lama Hajj"},"description":"Born and raised in Beirut, Lama is interested in food, alcohol, and history. She's an avid hater of camping. She started out as an enthusiastic writer for Beirut.com, writing about everything from food to culture - actually, just those two things. As of July 2015, Lama heads up the Beirut.com staff as Executive Editor.","url":"https:\/\/www.beirut.com\/fr\/author\/lama_hajj\/"}]}},"_links":{"self":[{"href":"https:\/\/www.beirut.com\/fr\/wp-json\/wp\/v2\/posts\/760895","targetHints":{"allow":["GET"]}}],"collection":[{"href":"https:\/\/www.beirut.com\/fr\/wp-json\/wp\/v2\/posts"}],"about":[{"href":"https:\/\/www.beirut.com\/fr\/wp-json\/wp\/v2\/types\/post"}],"author":[{"embeddable":true,"href":"https:\/\/www.beirut.com\/fr\/wp-json\/wp\/v2\/users\/102"}],"replies":[{"embeddable":true,"href":"https:\/\/www.beirut.com\/fr\/wp-json\/wp\/v2\/comments?post=760895"}],"version-history":[{"count":1,"href":"https:\/\/www.beirut.com\/fr\/wp-json\/wp\/v2\/posts\/760895\/revisions"}],"predecessor-version":[{"id":760898,"href":"https:\/\/www.beirut.com\/fr\/wp-json\/wp\/v2\/posts\/760895\/revisions\/760898"}],"wp:authorship":[{"embeddable":true,"href":"https:\/\/www.beirut.com\/fr\/wp-json\/wp\/v2\/users\/74"}],"wp:featuredmedia":[{"embeddable":true,"href":"https:\/\/www.beirut.com\/fr\/wp-json\/wp\/v2\/media\/760868"}],"wp:attachment":[{"href":"https:\/\/www.beirut.com\/fr\/wp-json\/wp\/v2\/media?parent=760895"}],"wp:term":[{"taxonomy":"post_tag","embeddable":true,"href":"https:\/\/www.beirut.com\/fr\/wp-json\/wp\/v2\/tags?post=760895"},{"taxonomy":"media-embed-type","embeddable":true,"href":"https:\/\/www.beirut.com\/fr\/wp-json\/wp\/v2\/media-embed-type?post=760895"}],"curies":[{"name":"wp","href":"https:\/\/api.w.org\/{rel}","templated":true}]}}